{"id":2838,"date":"2023-08-07T17:05:51","date_gmt":"2023-08-07T20:05:51","guid":{"rendered":"https:\/\/www.toldoscondor.com.br\/blog\/?p=2838"},"modified":"2023-08-07T17:05:51","modified_gmt":"2023-08-07T20:05:51","slug":"toldo-articulado-basic-motorizado-instalado-em-alphaville-sp","status":"publish","type":"post","link":"https:\/\/www.toldoscondor.com.br\/blog\/2023\/08\/07\/toldo-articulado-basic-motorizado-instalado-em-alphaville-sp\/","title":{"rendered":"Toldo Articulado Basic Motorizado instalado em Alphaville &#8211; SP"},"content":{"rendered":"<p class=\"p1\">O toldo articulado basic motorizado com lona acr\u00edlica \u00e9 uma solu\u00e7\u00e3o vers\u00e1til e elegante para quem busca conforto e prote\u00e7\u00e3o em ambientes externos. Seu design inovador combina perfeitamente com diferentes estilos de arquitetura, acrescentando charme e praticidade a espa\u00e7os como terra\u00e7os, varandas, jardins e \u00e1reas de lazer.<\/p>\n<p class=\"p1\">A lona acr\u00edlica utilizada nesses toldos \u00e9 uma escolha inteligente devido \u00e0 sua resist\u00eancia e durabilidade. Feita de fibras sint\u00e9ticas, a lona acr\u00edlica \u00e9 altamente resistente aos efeitos do sol, n\u00e3o desbota facilmente e possui uma excelente capacidade de repelir \u00e1gua. Isso a torna uma op\u00e7\u00e3o ideal para ambientes externos, pois suporta diversas condi\u00e7\u00f5es clim\u00e1ticas, como exposi\u00e7\u00e3o prolongada ao sol, chuva leve e ventos moderados, mantendo sua apar\u00eancia intacta ao longo do tempo.<\/p>\n<p class=\"p1\">A principal vantagem do toldo articulado motorizado \u00e9 a sua praticidade e facilidade de uso. Equipado com um sistema motorizado, o mecanismo de abertura e fechamento do toldo \u00e9 controlado por um simples toque em um controle remoto ou at\u00e9 mesmo atrav\u00e9s de um aplicativo para smartphone. Isso significa que voc\u00ea pode ajustar o \u00e2ngulo do toldo de acordo com a intensidade do sol ou a dire\u00e7\u00e3o do vento, proporcionando sombra adequada e prote\u00e7\u00e3o contra os raios UV nocivos.<\/p>\n<p class=\"p1\">Al\u00e9m da prote\u00e7\u00e3o contra o sol e a chuva, o toldo articulado motorizado tamb\u00e9m oferece um ambiente mais agrad\u00e1vel e confort\u00e1vel para aproveitar o espa\u00e7o ao ar livre. Ao criar sombra na \u00e1rea, voc\u00ea pode reduzir a temperatura ambiente e a incid\u00eancia direta dos raios solares, tornando-o ideal para relaxar, fazer refei\u00e7\u00f5es ao ar livre ou realizar encontros com amigos e familiares.<\/p>\n<h2 style=\"text-align: center;\">Confira algumas fotos do Toldo Articulado Basic Motorizado instalado em Alphaville &#8211; SP<\/h2>\n\n\t\t<style type=\"text\/css\">\n\t\t\t#gallery-1 {\n\t\t\t\tmargin: auto;\n\t\t\t}\n\t\t\t#gallery-1 .gallery-item {\n\t\t\t\tfloat: left;\n\t\t\t\tmargin-top: 10px;\n\t\t\t\ttext-align: center;\n\t\t\t\twidth: 33%;\n\t\t\t}\n\t\t\t#gallery-1 img {\n\t\t\t\tborder: 2px solid #cfcfcf;\n\t\t\t}\n\t\t\t#gallery-1 .gallery-caption {\n\t\t\t\tmargin-left: 0;\n\t\t\t}\n\t\t\t\/* see gallery_shortcode() in wp-includes\/media.php *\/\n\t\t<\/style>\n\t\t<div id='gallery-1' class='gallery galleryid-2838 gallery-columns-3 gallery-size-thumbnail'><dl class='gallery-item'>\n\t\t\t<dt class='gallery-icon landscape'>\n\t\t\t\t<a href='https:\/\/www.toldoscondor.com.br\/blog\/2023\/08\/07\/toldo-articulado-basic-motorizado-instalado-em-alphaville-sp\/1-14\/'><img loading=\"lazy\" decoding=\"async\" width=\"150\" height=\"150\" src=\"https:\/\/www.toldoscondor.com.br\/blog\/wp-content\/uploads\/2023\/08\/1-150x150.jpg\" class=\"attachment-thumbnail size-thumbnail\" alt=\"toldo-articulado-basic-motorizado-aberto-lateral-direita\" srcset=\"https:\/\/www.toldoscondor.com.br\/blog\/wp-content\/uploads\/2023\/08\/1-150x150.jpg 150w, https:\/\/www.toldoscondor.com.br\/blog\/wp-content\/uploads\/2023\/08\/1-300x300.jpg 300w, https:\/\/www.toldoscondor.com.br\/blog\/wp-content\/uploads\/2023\/08\/1-768x768.jpg 768w, https:\/\/www.toldoscondor.com.br\/blog\/wp-content\/uploads\/2023\/08\/1.jpg 813w\" sizes=\"auto, (max-width: 150px) 100vw, 150px\" \/><\/a>\n\t\t\t<\/dt><\/dl><dl class='gallery-item'>\n\t\t\t<dt class='gallery-icon landscape'>\n\t\t\t\t<a href='https:\/\/www.toldoscondor.com.br\/blog\/2023\/08\/07\/toldo-articulado-basic-motorizado-instalado-em-alphaville-sp\/2-14\/'><img loading=\"lazy\" decoding=\"async\" width=\"150\" height=\"150\" src=\"https:\/\/www.toldoscondor.com.br\/blog\/wp-content\/uploads\/2023\/08\/2-150x150.jpg\" class=\"attachment-thumbnail size-thumbnail\" alt=\"toldo-articulado-basic-motorizado-aberto-lateral-direita-estruturas\" srcset=\"https:\/\/www.toldoscondor.com.br\/blog\/wp-content\/uploads\/2023\/08\/2-150x150.jpg 150w, https:\/\/www.toldoscondor.com.br\/blog\/wp-content\/uploads\/2023\/08\/2-300x300.jpg 300w, https:\/\/www.toldoscondor.com.br\/blog\/wp-content\/uploads\/2023\/08\/2-768x768.jpg 768w, https:\/\/www.toldoscondor.com.br\/blog\/wp-content\/uploads\/2023\/08\/2.jpg 813w\" sizes=\"auto, (max-width: 150px) 100vw, 150px\" \/><\/a>\n\t\t\t<\/dt><\/dl><dl class='gallery-item'>\n\t\t\t<dt class='gallery-icon landscape'>\n\t\t\t\t<a href='https:\/\/www.toldoscondor.com.br\/blog\/2023\/08\/07\/toldo-articulado-basic-motorizado-instalado-em-alphaville-sp\/3-14\/'><img loading=\"lazy\" decoding=\"async\" width=\"150\" height=\"150\" src=\"https:\/\/www.toldoscondor.com.br\/blog\/wp-content\/uploads\/2023\/08\/3-150x150.jpg\" class=\"attachment-thumbnail size-thumbnail\" alt=\"toldo-articulado-basic-motorizado-aberto-lateral-esquerda\" srcset=\"https:\/\/www.toldoscondor.com.br\/blog\/wp-content\/uploads\/2023\/08\/3-150x150.jpg 150w, https:\/\/www.toldoscondor.com.br\/blog\/wp-content\/uploads\/2023\/08\/3-300x300.jpg 300w, https:\/\/www.toldoscondor.com.br\/blog\/wp-content\/uploads\/2023\/08\/3-768x768.jpg 768w, https:\/\/www.toldoscondor.com.br\/blog\/wp-content\/uploads\/2023\/08\/3.jpg 813w\" sizes=\"auto, (max-width: 150px) 100vw, 150px\" \/><\/a>\n\t\t\t<\/dt><\/dl><br style=\"clear: both\" \/><dl class='gallery-item'>\n\t\t\t<dt class='gallery-icon landscape'>\n\t\t\t\t<a href='https:\/\/www.toldoscondor.com.br\/blog\/2023\/08\/07\/toldo-articulado-basic-motorizado-instalado-em-alphaville-sp\/4-12\/'><img loading=\"lazy\" decoding=\"async\" width=\"150\" height=\"150\" src=\"https:\/\/www.toldoscondor.com.br\/blog\/wp-content\/uploads\/2023\/08\/4-150x150.jpg\" class=\"attachment-thumbnail size-thumbnail\" alt=\"visao-inferior-toldo-articulado-aberto-lateral-direita\" srcset=\"https:\/\/www.toldoscondor.com.br\/blog\/wp-content\/uploads\/2023\/08\/4-150x150.jpg 150w, https:\/\/www.toldoscondor.com.br\/blog\/wp-content\/uploads\/2023\/08\/4-300x300.jpg 300w, https:\/\/www.toldoscondor.com.br\/blog\/wp-content\/uploads\/2023\/08\/4-768x768.jpg 768w, https:\/\/www.toldoscondor.com.br\/blog\/wp-content\/uploads\/2023\/08\/4.jpg 813w\" sizes=\"auto, (max-width: 150px) 100vw, 150px\" \/><\/a>\n\t\t\t<\/dt><\/dl><dl class='gallery-item'>\n\t\t\t<dt class='gallery-icon landscape'>\n\t\t\t\t<a href='https:\/\/www.toldoscondor.com.br\/blog\/2023\/08\/07\/toldo-articulado-basic-motorizado-instalado-em-alphaville-sp\/5-8\/'><img loading=\"lazy\" decoding=\"async\" width=\"150\" height=\"150\" src=\"https:\/\/www.toldoscondor.com.br\/blog\/wp-content\/uploads\/2023\/08\/5-150x150.jpg\" class=\"attachment-thumbnail size-thumbnail\" alt=\"visao-inferior-toldo-articulado-aberto-lateral-esquerda\" srcset=\"https:\/\/www.toldoscondor.com.br\/blog\/wp-content\/uploads\/2023\/08\/5-150x150.jpg 150w, https:\/\/www.toldoscondor.com.br\/blog\/wp-content\/uploads\/2023\/08\/5-300x300.jpg 300w, https:\/\/www.toldoscondor.com.br\/blog\/wp-content\/uploads\/2023\/08\/5-768x768.jpg 768w, https:\/\/www.toldoscondor.com.br\/blog\/wp-content\/uploads\/2023\/08\/5.jpg 813w\" sizes=\"auto, (max-width: 150px) 100vw, 150px\" \/><\/a>\n\t\t\t<\/dt><\/dl><dl class='gallery-item'>\n\t\t\t<dt class='gallery-icon landscape'>\n\t\t\t\t<a href='https:\/\/www.toldoscondor.com.br\/blog\/2023\/08\/07\/toldo-articulado-basic-motorizado-instalado-em-alphaville-sp\/6-5\/'><img loading=\"lazy\" decoding=\"async\" width=\"150\" height=\"150\" src=\"https:\/\/www.toldoscondor.com.br\/blog\/wp-content\/uploads\/2023\/08\/6-150x150.jpg\" class=\"attachment-thumbnail size-thumbnail\" alt=\"visao-inferior-toldo-articulado-aberto-lateral-esquerda-plano-geral\" srcset=\"https:\/\/www.toldoscondor.com.br\/blog\/wp-content\/uploads\/2023\/08\/6-150x150.jpg 150w, https:\/\/www.toldoscondor.com.br\/blog\/wp-content\/uploads\/2023\/08\/6-300x300.jpg 300w, https:\/\/www.toldoscondor.com.br\/blog\/wp-content\/uploads\/2023\/08\/6-768x768.jpg 768w, https:\/\/www.toldoscondor.com.br\/blog\/wp-content\/uploads\/2023\/08\/6.jpg 813w\" sizes=\"auto, (max-width: 150px) 100vw, 150px\" \/><\/a>\n\t\t\t<\/dt><\/dl><br style=\"clear: both\" \/>\n\t\t<\/div>\n\n<hr \/>\n<h3 style=\"text-align: center;\">A qualidade do toldo articulado 100% nacional que voc\u00ea s\u00f3 encontra aqui!<\/h3>\n<p style=\"text-align: center;\">Preencha o formul\u00e1rio abaixo e logo entraremos em contato!<\/p>\n<p style=\"text-align: center;\"><div class=\"wpforms-container wpforms-container-full\" id=\"wpforms-2036\"><form id=\"wpforms-form-2036\" class=\"wpforms-validate wpforms-form\" data-formid=\"2036\" method=\"post\" enctype=\"multipart\/form-data\" action=\"\/blog\/wp-json\/wp\/v2\/posts\/2838\" data-token=\"8f6d4150a67667e873847fc461590696\" data-token-time=\"1777819741\"><noscript class=\"wpforms-error-noscript\">Ative o JavaScript no seu navegador para preencher este formul\u00e1rio.<\/noscript><div class=\"wpforms-field-container\"><div id=\"wpforms-2036-field_1-container\" class=\"wpforms-field wpforms-field-name\" data-field-id=\"1\"><label class=\"wpforms-field-label\" for=\"wpforms-2036-field_1\">Seu nome <span class=\"wpforms-required-label\">*<\/span><\/label><input type=\"text\" id=\"wpforms-2036-field_1\" class=\"wpforms-field-large wpforms-field-required\" name=\"wpforms[fields][1]\" placeholder=\"Seu nome\" required><\/div><div id=\"wpforms-2036-field_6-container\" class=\"wpforms-field wpforms-field-email\" data-field-id=\"6\"><label class=\"wpforms-field-label\" for=\"wpforms-2036-field_6\">E-mail <span class=\"wpforms-required-label\">*<\/span><\/label><input type=\"email\" id=\"wpforms-2036-field_6\" class=\"wpforms-field-large wpforms-field-required\" name=\"wpforms[fields][6]\" placeholder=\"seuemail@email.com.br\" spellcheck=\"false\" required><\/div><div id=\"wpforms-2036-field_9-container\" class=\"wpforms-field wpforms-field-text\" data-field-id=\"9\"><label class=\"wpforms-field-label\" for=\"wpforms-2036-field_9\">Telefone <span class=\"wpforms-required-label\">*<\/span><\/label><input type=\"text\" id=\"wpforms-2036-field_9\" class=\"wpforms-field-large wpforms-field-required\" name=\"wpforms[fields][9]\" placeholder=\"(00) 00000-0000\" required><\/div><div id=\"wpforms-2036-field_4-container\" class=\"wpforms-field wpforms-field-textarea\" data-field-id=\"4\"><label class=\"wpforms-field-label\" for=\"wpforms-2036-field_4\">Mensagem <span class=\"wpforms-required-label\">*<\/span><\/label><textarea id=\"wpforms-2036-field_4\" class=\"wpforms-field-small wpforms-field-required\" name=\"wpforms[fields][4]\" placeholder=\"Escreva aqui sua mensagem\" required><\/textarea><\/div><div id=\"wpforms-2036-field_8-container\" class=\"wpforms-field wpforms-field-checkbox wpforms-list-inline\" data-field-id=\"8\"><label class=\"wpforms-field-label\">Deseja receber o or\u00e7amento por WhatsApp? <span class=\"wpforms-required-label\">*<\/span><\/label><ul id=\"wpforms-2036-field_8\" class=\"wpforms-field-required\"><li class=\"choice-3 depth-1\"><input type=\"checkbox\" id=\"wpforms-2036-field_8_3\" name=\"wpforms[fields][8][]\" value=\"Sim\" required ><label class=\"wpforms-field-label-inline\" for=\"wpforms-2036-field_8_3\">Sim<\/label><\/li><li class=\"choice-4 depth-1\"><input type=\"checkbox\" id=\"wpforms-2036-field_8_4\" name=\"wpforms[fields][8][]\" value=\"N\u00e3o\" required ><label class=\"wpforms-field-label-inline\" for=\"wpforms-2036-field_8_4\">N\u00e3o<\/label><\/li><\/ul><div class=\"wpforms-field-description\">Nossos numero fixos tamb\u00e9m s\u00e3o WhatsApp!\r\n (11) 2041-0162 \/ (11) 2359-3405<\/div><\/div><\/div><!-- .wpforms-field-container --><div class=\"wpforms-field wpforms-field-hp\"><label for=\"wpforms-2036-field-hp\" class=\"wpforms-field-label\">Comment<\/label><input type=\"text\" name=\"wpforms[hp]\" id=\"wpforms-2036-field-hp\" class=\"wpforms-field-medium\"><\/div><div class=\"wpforms-submit-container\" ><input type=\"hidden\" name=\"wpforms[id]\" value=\"2036\"><input type=\"hidden\" name=\"page_title\" value=\"\"><input type=\"hidden\" name=\"page_url\" value=\"https:\/\/www.toldoscondor.com.br\/blog\/wp-json\/wp\/v2\/posts\/2838\"><input type=\"hidden\" name=\"url_referer\" value=\"\"><button type=\"submit\" name=\"wpforms[submit]\" id=\"wpforms-submit-2036\" class=\"wpforms-submit\" data-alt-text=\"Enviando\" data-submit-text=\"Enviar\" aria-live=\"assertive\" value=\"wpforms-submit\">Enviar<\/button><\/div><\/form><\/div>  <!-- .wpforms-container --><\/p>\n<hr \/>\n<h4 style=\"text-align: center;\">Gostou do post?<\/h4>\n<h4 style=\"text-align: center;\">N\u00e3o esque\u00e7a de compartilhar!<\/h4>\n<p style=\"text-align: center;\">[addthis tool=&#8221;addthis_inline_share_toolbox_above&#8221;]<\/p>\n<p>Confira outras obras deste modelo em nosso site:<\/p>\n<p><a href=\"http:\/\/toldoscondor.com.br\/toldo-articulado.html\">http:\/\/toldoscondor.com.br\/toldo-articulado.html<\/a><\/p>\n<p>Tem as medidas? Fa\u00e7a seu or\u00e7amento agora mesmo usando um de nossos canais de atendimento que funcionam de segunda a sexta-feira das 9:00 \u00e0s 17:30.<\/p>\n<p>Atendimento por Telefone, E-mail e WhatsApp<\/p>\n<p>(11) 2041-0162<br \/>\n<a href=\"mailto:atendimento@toldoscondor.com.br\">atendimento@toldoscondor.com.br<\/a><br \/>\n<a href=\"https:\/\/www.toldoscondor.com.br\/whatsapp.html\">https:\/\/www.toldoscondor.com.br\/whatsapp.html<\/a><\/p>\n<p>Conhe\u00e7a nosso canal no youtube!<br \/>\n<a href=\"http:\/\/www.youtube.com\/toldoscondor\">www.youtube.com\/toldoscondor<\/a><\/p>\n<p>Toldos Condor<br \/>\nDesde 1995 cobrindo o Brasil!<\/p>\n","protected":false},"excerpt":{"rendered":"<p>O toldo articulado basic motorizado com lona acr\u00edlica \u00e9 uma solu\u00e7\u00e3o vers\u00e1til e elegante para quem busca conforto e prote\u00e7\u00e3o em ambientes externos. Seu design inovador combina perfeitamente com diferentes estilos de arquitetura, acrescentando charme e praticidade a espa\u00e7os como terra\u00e7os, varandas, jardins e \u00e1reas de lazer. A lona acr\u00edlica [&hellip;]<\/p>\n","protected":false},"author":2,"featured_media":2841,"comment_status":"closed","ping_status":"open","sticky":false,"template":"","format":"standard","meta":{"_jetpack_memberships_contains_paid_content":false,"_joinchat":[],"footnotes":""},"categories":[2],"tags":[1019,211,963,557,1011,950,1013,495,1005,936,1009,898,934,909,951,988,964,1014,984,894,987,16,775,3,31,1022,956],"class_list":["post-2838","post","type-post","status-publish","format-standard","has-post-thumbnail","hentry","category-toldo-articulado-nacional","tag-acrilica","tag-alphaville","tag-ambiente","tag-area-gourmet","tag-articulado","tag-basic","tag-casa","tag-chuva","tag-comercio","tag-decoracao","tag-estrutura","tag-homedecor","tag-jardim","tag-lazer","tag-nacional","tag-protetor-solar","tag-pub","tag-recolher","tag-retratil","tag-sol","tag-sombra","tag-sp","tag-toldo-abre-e-fecha","tag-toldos","tag-toldos-condor","tag-uv","tag-vento"],"yoast_head":"<!-- This site is optimized with the Yoast SEO plugin v26.2 - https:\/\/yoast.com\/wordpress\/plugins\/seo\/ -->\n<title>Toldo Articulado Basic Motorizado instalado em Alphaville - SP<\/title>\n<meta name=\"description\" content=\"Toldo articulado basic motorizado com lona acr\u00edlica \u00e9 uma solu\u00e7\u00e3o vers\u00e1til e elegante pra quem busca conforto e prote\u00e7\u00e3o em ambientes externo.\" \/>\n<meta name=\"robots\" content=\"index, follow, max-snippet:-1, max-image-preview:large, max-video-preview:-1\" \/>\n<link rel=\"canonical\" href=\"https:\/\/www.toldoscondor.com.br\/blog\/2023\/08\/07\/toldo-articulado-basic-motorizado-instalado-em-alphaville-sp\/\" \/>\n<meta property=\"og:locale\" content=\"pt_BR\" \/>\n<meta property=\"og:type\" content=\"article\" \/>\n<meta property=\"og:title\" content=\"Toldo Articulado Basic Motorizado instalado em Alphaville - SP\" \/>\n<meta property=\"og:description\" content=\"Toldo articulado basic motorizado com lona acr\u00edlica \u00e9 uma solu\u00e7\u00e3o vers\u00e1til e elegante pra quem busca conforto e prote\u00e7\u00e3o em ambientes externo.\" \/>\n<meta property=\"og:url\" content=\"https:\/\/www.toldoscondor.com.br\/blog\/2023\/08\/07\/toldo-articulado-basic-motorizado-instalado-em-alphaville-sp\/\" \/>\n<meta property=\"og:site_name\" content=\"Toldos Condor\" \/>\n<meta property=\"article:publisher\" content=\"https:\/\/www.facebook.com\/CondorToldos\/\" \/>\n<meta property=\"article:published_time\" content=\"2023-08-07T20:05:51+00:00\" \/>\n<meta property=\"og:image\" content=\"https:\/\/www.toldoscondor.com.br\/blog\/wp-content\/uploads\/2023\/08\/3.jpg\" \/>\n\t<meta property=\"og:image:width\" content=\"813\" \/>\n\t<meta property=\"og:image:height\" content=\"813\" \/>\n\t<meta property=\"og:image:type\" content=\"image\/jpeg\" \/>\n<meta name=\"author\" content=\"Felipe Mattos\" \/>\n<meta name=\"twitter:card\" content=\"summary_large_image\" \/>\n<meta name=\"twitter:label1\" content=\"Escrito por\" \/>\n\t<meta name=\"twitter:data1\" content=\"Felipe Mattos\" \/>\n\t<meta name=\"twitter:label2\" content=\"Est. tempo de leitura\" \/>\n\t<meta name=\"twitter:data2\" content=\"3 minutos\" \/>\n<script type=\"application\/ld+json\" class=\"yoast-schema-graph\">{\"@context\":\"https:\/\/schema.org\",\"@graph\":[{\"@type\":\"Article\",\"@id\":\"https:\/\/www.toldoscondor.com.br\/blog\/2023\/08\/07\/toldo-articulado-basic-motorizado-instalado-em-alphaville-sp\/#article\",\"isPartOf\":{\"@id\":\"https:\/\/www.toldoscondor.com.br\/blog\/2023\/08\/07\/toldo-articulado-basic-motorizado-instalado-em-alphaville-sp\/\"},\"author\":{\"name\":\"Felipe Mattos\",\"@id\":\"http:\/\/www.toldoscondor.com.br\/blog\/#\/schema\/person\/0c8fb7e41cd3690cca5f3a8e16fe233d\"},\"headline\":\"Toldo Articulado Basic Motorizado instalado em Alphaville &#8211; SP\",\"datePublished\":\"2023-08-07T20:05:51+00:00\",\"mainEntityOfPage\":{\"@id\":\"https:\/\/www.toldoscondor.com.br\/blog\/2023\/08\/07\/toldo-articulado-basic-motorizado-instalado-em-alphaville-sp\/\"},\"wordCount\":422,\"publisher\":{\"@id\":\"http:\/\/www.toldoscondor.com.br\/blog\/#organization\"},\"image\":{\"@id\":\"https:\/\/www.toldoscondor.com.br\/blog\/2023\/08\/07\/toldo-articulado-basic-motorizado-instalado-em-alphaville-sp\/#primaryimage\"},\"thumbnailUrl\":\"https:\/\/www.toldoscondor.com.br\/blog\/wp-content\/uploads\/2023\/08\/3.jpg\",\"keywords\":[\"acr\u00edlica\",\"Alphaville\",\"ambiente\",\"area gourmet\",\"articulado\",\"basic\",\"casa\",\"chuva\",\"comercio\",\"decora\u00e7\u00e3o\",\"estrutura\",\"homedecor\",\"jardim\",\"lazer\",\"nacional\",\"protetor solar\",\"pub\",\"recolher\",\"retr\u00e1til\",\"sol\",\"sombra\",\"SP\",\"toldo abre e fecha\",\"toldos\",\"toldos condor\",\"UV\",\"vento\"],\"articleSection\":[\"Articulado Nacional\"],\"inLanguage\":\"pt-BR\"},{\"@type\":\"WebPage\",\"@id\":\"https:\/\/www.toldoscondor.com.br\/blog\/2023\/08\/07\/toldo-articulado-basic-motorizado-instalado-em-alphaville-sp\/\",\"url\":\"https:\/\/www.toldoscondor.com.br\/blog\/2023\/08\/07\/toldo-articulado-basic-motorizado-instalado-em-alphaville-sp\/\",\"name\":\"Toldo Articulado Basic Motorizado instalado em Alphaville - SP\",\"isPartOf\":{\"@id\":\"http:\/\/www.toldoscondor.com.br\/blog\/#website\"},\"primaryImageOfPage\":{\"@id\":\"https:\/\/www.toldoscondor.com.br\/blog\/2023\/08\/07\/toldo-articulado-basic-motorizado-instalado-em-alphaville-sp\/#primaryimage\"},\"image\":{\"@id\":\"https:\/\/www.toldoscondor.com.br\/blog\/2023\/08\/07\/toldo-articulado-basic-motorizado-instalado-em-alphaville-sp\/#primaryimage\"},\"thumbnailUrl\":\"https:\/\/www.toldoscondor.com.br\/blog\/wp-content\/uploads\/2023\/08\/3.jpg\",\"datePublished\":\"2023-08-07T20:05:51+00:00\",\"description\":\"Toldo articulado basic motorizado com lona acr\u00edlica \u00e9 uma solu\u00e7\u00e3o vers\u00e1til e elegante pra quem busca conforto e prote\u00e7\u00e3o em ambientes externo.\",\"breadcrumb\":{\"@id\":\"https:\/\/www.toldoscondor.com.br\/blog\/2023\/08\/07\/toldo-articulado-basic-motorizado-instalado-em-alphaville-sp\/#breadcrumb\"},\"inLanguage\":\"pt-BR\",\"potentialAction\":[{\"@type\":\"ReadAction\",\"target\":[\"https:\/\/www.toldoscondor.com.br\/blog\/2023\/08\/07\/toldo-articulado-basic-motorizado-instalado-em-alphaville-sp\/\"]}]},{\"@type\":\"ImageObject\",\"inLanguage\":\"pt-BR\",\"@id\":\"https:\/\/www.toldoscondor.com.br\/blog\/2023\/08\/07\/toldo-articulado-basic-motorizado-instalado-em-alphaville-sp\/#primaryimage\",\"url\":\"https:\/\/www.toldoscondor.com.br\/blog\/wp-content\/uploads\/2023\/08\/3.jpg\",\"contentUrl\":\"https:\/\/www.toldoscondor.com.br\/blog\/wp-content\/uploads\/2023\/08\/3.jpg\",\"width\":813,\"height\":813,\"caption\":\"toldo-articulado-basic-motorizado-aberto-lateral-esquerda\"},{\"@type\":\"BreadcrumbList\",\"@id\":\"https:\/\/www.toldoscondor.com.br\/blog\/2023\/08\/07\/toldo-articulado-basic-motorizado-instalado-em-alphaville-sp\/#breadcrumb\",\"itemListElement\":[{\"@type\":\"ListItem\",\"position\":1,\"name\":\"In\u00edcio\",\"item\":\"http:\/\/www.toldoscondor.com.br\/blog\/\"},{\"@type\":\"ListItem\",\"position\":2,\"name\":\"Toldo Articulado Basic Motorizado instalado em Alphaville &#8211; SP\"}]},{\"@type\":\"WebSite\",\"@id\":\"http:\/\/www.toldoscondor.com.br\/blog\/#website\",\"url\":\"http:\/\/www.toldoscondor.com.br\/blog\/\",\"name\":\"Toldos Condor\",\"description\":\"Neste blog voc\u00ea encontra alguns dos servi\u00e7os feitos por n\u00f3s da Toldos Condor.\",\"publisher\":{\"@id\":\"http:\/\/www.toldoscondor.com.br\/blog\/#organization\"},\"potentialAction\":[{\"@type\":\"SearchAction\",\"target\":{\"@type\":\"EntryPoint\",\"urlTemplate\":\"http:\/\/www.toldoscondor.com.br\/blog\/?s={search_term_string}\"},\"query-input\":{\"@type\":\"PropertyValueSpecification\",\"valueRequired\":true,\"valueName\":\"search_term_string\"}}],\"inLanguage\":\"pt-BR\"},{\"@type\":\"Organization\",\"@id\":\"http:\/\/www.toldoscondor.com.br\/blog\/#organization\",\"name\":\"Toldos Condor\",\"url\":\"http:\/\/www.toldoscondor.com.br\/blog\/\",\"logo\":{\"@type\":\"ImageObject\",\"inLanguage\":\"pt-BR\",\"@id\":\"http:\/\/www.toldoscondor.com.br\/blog\/#\/schema\/logo\/image\/\",\"url\":\"http:\/\/www.toldoscondor.com.br\/blog\/wp-content\/uploads\/2016\/04\/Logo.png\",\"contentUrl\":\"http:\/\/www.toldoscondor.com.br\/blog\/wp-content\/uploads\/2016\/04\/Logo.png\",\"width\":2167,\"height\":623,\"caption\":\"Toldos Condor\"},\"image\":{\"@id\":\"http:\/\/www.toldoscondor.com.br\/blog\/#\/schema\/logo\/image\/\"},\"sameAs\":[\"https:\/\/www.facebook.com\/CondorToldos\/\",\"http:\/\/br.pinterest.com\/toldoscondor\/\",\"https:\/\/www.youtube.com\/channel\/UCNFWz-w4fuyU1GwrseoXb8A\"]},{\"@type\":\"Person\",\"@id\":\"http:\/\/www.toldoscondor.com.br\/blog\/#\/schema\/person\/0c8fb7e41cd3690cca5f3a8e16fe233d\",\"name\":\"Felipe Mattos\",\"image\":{\"@type\":\"ImageObject\",\"inLanguage\":\"pt-BR\",\"@id\":\"http:\/\/www.toldoscondor.com.br\/blog\/#\/schema\/person\/image\/\",\"url\":\"https:\/\/secure.gravatar.com\/avatar\/36cdb02f2cb88681957b843c0492f6be6cac6fd1355f675278fcfbaba71a870c?s=96&d=mm&r=g\",\"contentUrl\":\"https:\/\/secure.gravatar.com\/avatar\/36cdb02f2cb88681957b843c0492f6be6cac6fd1355f675278fcfbaba71a870c?s=96&d=mm&r=g\",\"caption\":\"Felipe Mattos\"},\"sameAs\":[\"http:\/\/www.toldoscondor.com.br\"],\"url\":\"https:\/\/www.toldoscondor.com.br\/blog\/author\/felipe\/\"}]}<\/script>\n<!-- \/ Yoast SEO plugin. -->","yoast_head_json":{"title":"Toldo Articulado Basic Motorizado instalado em Alphaville - SP","description":"Toldo articulado basic motorizado com lona acr\u00edlica \u00e9 uma solu\u00e7\u00e3o vers\u00e1til e elegante pra quem busca conforto e prote\u00e7\u00e3o em ambientes externo.","robots":{"index":"index","follow":"follow","max-snippet":"max-snippet:-1","max-image-preview":"max-image-preview:large","max-video-preview":"max-video-preview:-1"},"canonical":"https:\/\/www.toldoscondor.com.br\/blog\/2023\/08\/07\/toldo-articulado-basic-motorizado-instalado-em-alphaville-sp\/","og_locale":"pt_BR","og_type":"article","og_title":"Toldo Articulado Basic Motorizado instalado em Alphaville - SP","og_description":"Toldo articulado basic motorizado com lona acr\u00edlica \u00e9 uma solu\u00e7\u00e3o vers\u00e1til e elegante pra quem busca conforto e prote\u00e7\u00e3o em ambientes externo.","og_url":"https:\/\/www.toldoscondor.com.br\/blog\/2023\/08\/07\/toldo-articulado-basic-motorizado-instalado-em-alphaville-sp\/","og_site_name":"Toldos Condor","article_publisher":"https:\/\/www.facebook.com\/CondorToldos\/","article_published_time":"2023-08-07T20:05:51+00:00","og_image":[{"width":813,"height":813,"url":"https:\/\/www.toldoscondor.com.br\/blog\/wp-content\/uploads\/2023\/08\/3.jpg","type":"image\/jpeg"}],"author":"Felipe Mattos","twitter_card":"summary_large_image","twitter_misc":{"Escrito por":"Felipe Mattos","Est. tempo de leitura":"3 minutos"},"schema":{"@context":"https:\/\/schema.org","@graph":[{"@type":"Article","@id":"https:\/\/www.toldoscondor.com.br\/blog\/2023\/08\/07\/toldo-articulado-basic-motorizado-instalado-em-alphaville-sp\/#article","isPartOf":{"@id":"https:\/\/www.toldoscondor.com.br\/blog\/2023\/08\/07\/toldo-articulado-basic-motorizado-instalado-em-alphaville-sp\/"},"author":{"name":"Felipe Mattos","@id":"http:\/\/www.toldoscondor.com.br\/blog\/#\/schema\/person\/0c8fb7e41cd3690cca5f3a8e16fe233d"},"headline":"Toldo Articulado Basic Motorizado instalado em Alphaville &#8211; SP","datePublished":"2023-08-07T20:05:51+00:00","mainEntityOfPage":{"@id":"https:\/\/www.toldoscondor.com.br\/blog\/2023\/08\/07\/toldo-articulado-basic-motorizado-instalado-em-alphaville-sp\/"},"wordCount":422,"publisher":{"@id":"http:\/\/www.toldoscondor.com.br\/blog\/#organization"},"image":{"@id":"https:\/\/www.toldoscondor.com.br\/blog\/2023\/08\/07\/toldo-articulado-basic-motorizado-instalado-em-alphaville-sp\/#primaryimage"},"thumbnailUrl":"https:\/\/www.toldoscondor.com.br\/blog\/wp-content\/uploads\/2023\/08\/3.jpg","keywords":["acr\u00edlica","Alphaville","ambiente","area gourmet","articulado","basic","casa","chuva","comercio","decora\u00e7\u00e3o","estrutura","homedecor","jardim","lazer","nacional","protetor solar","pub","recolher","retr\u00e1til","sol","sombra","SP","toldo abre e fecha","toldos","toldos condor","UV","vento"],"articleSection":["Articulado Nacional"],"inLanguage":"pt-BR"},{"@type":"WebPage","@id":"https:\/\/www.toldoscondor.com.br\/blog\/2023\/08\/07\/toldo-articulado-basic-motorizado-instalado-em-alphaville-sp\/","url":"https:\/\/www.toldoscondor.com.br\/blog\/2023\/08\/07\/toldo-articulado-basic-motorizado-instalado-em-alphaville-sp\/","name":"Toldo Articulado Basic Motorizado instalado em Alphaville - SP","isPartOf":{"@id":"http:\/\/www.toldoscondor.com.br\/blog\/#website"},"primaryImageOfPage":{"@id":"https:\/\/www.toldoscondor.com.br\/blog\/2023\/08\/07\/toldo-articulado-basic-motorizado-instalado-em-alphaville-sp\/#primaryimage"},"image":{"@id":"https:\/\/www.toldoscondor.com.br\/blog\/2023\/08\/07\/toldo-articulado-basic-motorizado-instalado-em-alphaville-sp\/#primaryimage"},"thumbnailUrl":"https:\/\/www.toldoscondor.com.br\/blog\/wp-content\/uploads\/2023\/08\/3.jpg","datePublished":"2023-08-07T20:05:51+00:00","description":"Toldo articulado basic motorizado com lona acr\u00edlica \u00e9 uma solu\u00e7\u00e3o vers\u00e1til e elegante pra quem busca conforto e prote\u00e7\u00e3o em ambientes externo.","breadcrumb":{"@id":"https:\/\/www.toldoscondor.com.br\/blog\/2023\/08\/07\/toldo-articulado-basic-motorizado-instalado-em-alphaville-sp\/#breadcrumb"},"inLanguage":"pt-BR","potentialAction":[{"@type":"ReadAction","target":["https:\/\/www.toldoscondor.com.br\/blog\/2023\/08\/07\/toldo-articulado-basic-motorizado-instalado-em-alphaville-sp\/"]}]},{"@type":"ImageObject","inLanguage":"pt-BR","@id":"https:\/\/www.toldoscondor.com.br\/blog\/2023\/08\/07\/toldo-articulado-basic-motorizado-instalado-em-alphaville-sp\/#primaryimage","url":"https:\/\/www.toldoscondor.com.br\/blog\/wp-content\/uploads\/2023\/08\/3.jpg","contentUrl":"https:\/\/www.toldoscondor.com.br\/blog\/wp-content\/uploads\/2023\/08\/3.jpg","width":813,"height":813,"caption":"toldo-articulado-basic-motorizado-aberto-lateral-esquerda"},{"@type":"BreadcrumbList","@id":"https:\/\/www.toldoscondor.com.br\/blog\/2023\/08\/07\/toldo-articulado-basic-motorizado-instalado-em-alphaville-sp\/#breadcrumb","itemListElement":[{"@type":"ListItem","position":1,"name":"In\u00edcio","item":"http:\/\/www.toldoscondor.com.br\/blog\/"},{"@type":"ListItem","position":2,"name":"Toldo Articulado Basic Motorizado instalado em Alphaville &#8211; SP"}]},{"@type":"WebSite","@id":"http:\/\/www.toldoscondor.com.br\/blog\/#website","url":"http:\/\/www.toldoscondor.com.br\/blog\/","name":"Toldos Condor","description":"Neste blog voc\u00ea encontra alguns dos servi\u00e7os feitos por n\u00f3s da Toldos Condor.","publisher":{"@id":"http:\/\/www.toldoscondor.com.br\/blog\/#organization"},"potentialAction":[{"@type":"SearchAction","target":{"@type":"EntryPoint","urlTemplate":"http:\/\/www.toldoscondor.com.br\/blog\/?s={search_term_string}"},"query-input":{"@type":"PropertyValueSpecification","valueRequired":true,"valueName":"search_term_string"}}],"inLanguage":"pt-BR"},{"@type":"Organization","@id":"http:\/\/www.toldoscondor.com.br\/blog\/#organization","name":"Toldos Condor","url":"http:\/\/www.toldoscondor.com.br\/blog\/","logo":{"@type":"ImageObject","inLanguage":"pt-BR","@id":"http:\/\/www.toldoscondor.com.br\/blog\/#\/schema\/logo\/image\/","url":"http:\/\/www.toldoscondor.com.br\/blog\/wp-content\/uploads\/2016\/04\/Logo.png","contentUrl":"http:\/\/www.toldoscondor.com.br\/blog\/wp-content\/uploads\/2016\/04\/Logo.png","width":2167,"height":623,"caption":"Toldos Condor"},"image":{"@id":"http:\/\/www.toldoscondor.com.br\/blog\/#\/schema\/logo\/image\/"},"sameAs":["https:\/\/www.facebook.com\/CondorToldos\/","http:\/\/br.pinterest.com\/toldoscondor\/","https:\/\/www.youtube.com\/channel\/UCNFWz-w4fuyU1GwrseoXb8A"]},{"@type":"Person","@id":"http:\/\/www.toldoscondor.com.br\/blog\/#\/schema\/person\/0c8fb7e41cd3690cca5f3a8e16fe233d","name":"Felipe Mattos","image":{"@type":"ImageObject","inLanguage":"pt-BR","@id":"http:\/\/www.toldoscondor.com.br\/blog\/#\/schema\/person\/image\/","url":"https:\/\/secure.gravatar.com\/avatar\/36cdb02f2cb88681957b843c0492f6be6cac6fd1355f675278fcfbaba71a870c?s=96&d=mm&r=g","contentUrl":"https:\/\/secure.gravatar.com\/avatar\/36cdb02f2cb88681957b843c0492f6be6cac6fd1355f675278fcfbaba71a870c?s=96&d=mm&r=g","caption":"Felipe Mattos"},"sameAs":["http:\/\/www.toldoscondor.com.br"],"url":"https:\/\/www.toldoscondor.com.br\/blog\/author\/felipe\/"}]}},"jetpack_featured_media_url":"https:\/\/www.toldoscondor.com.br\/blog\/wp-content\/uploads\/2023\/08\/3.jpg","jetpack_sharing_enabled":true,"_links":{"self":[{"href":"https:\/\/www.toldoscondor.com.br\/blog\/wp-json\/wp\/v2\/posts\/2838","targetHints":{"allow":["GET"]}}],"collection":[{"href":"https:\/\/www.toldoscondor.com.br\/blog\/wp-json\/wp\/v2\/posts"}],"about":[{"href":"https:\/\/www.toldoscondor.com.br\/blog\/wp-json\/wp\/v2\/types\/post"}],"author":[{"embeddable":true,"href":"https:\/\/www.toldoscondor.com.br\/blog\/wp-json\/wp\/v2\/users\/2"}],"replies":[{"embeddable":true,"href":"https:\/\/www.toldoscondor.com.br\/blog\/wp-json\/wp\/v2\/comments?post=2838"}],"version-history":[{"count":1,"href":"https:\/\/www.toldoscondor.com.br\/blog\/wp-json\/wp\/v2\/posts\/2838\/revisions"}],"predecessor-version":[{"id":2845,"href":"https:\/\/www.toldoscondor.com.br\/blog\/wp-json\/wp\/v2\/posts\/2838\/revisions\/2845"}],"wp:featuredmedia":[{"embeddable":true,"href":"https:\/\/www.toldoscondor.com.br\/blog\/wp-json\/wp\/v2\/media\/2841"}],"wp:attachment":[{"href":"https:\/\/www.toldoscondor.com.br\/blog\/wp-json\/wp\/v2\/media?parent=2838"}],"wp:term":[{"taxonomy":"category","embeddable":true,"href":"https:\/\/www.toldoscondor.com.br\/blog\/wp-json\/wp\/v2\/categories?post=2838"},{"taxonomy":"post_tag","embeddable":true,"href":"https:\/\/www.toldoscondor.com.br\/blog\/wp-json\/wp\/v2\/tags?post=2838"}],"curies":[{"name":"wp","href":"https:\/\/api.w.org\/{rel}","templated":true}]}}