{"id":2823,"date":"2023-07-27T11:44:56","date_gmt":"2023-07-27T14:44:56","guid":{"rendered":"https:\/\/www.toldoscondor.com.br\/blog\/?p=2823"},"modified":"2023-07-27T11:44:56","modified_gmt":"2023-07-27T14:44:56","slug":"toldo-veicular-instalado-em-santos-sp","status":"publish","type":"post","link":"https:\/\/www.toldoscondor.com.br\/blog\/2023\/07\/27\/toldo-veicular-instalado-em-santos-sp\/","title":{"rendered":"Toldo Veicular instalado em Santos &#8211; SP"},"content":{"rendered":"<p class=\"p1\">O toldo veicular \u00e9 um acess\u00f3rio cada vez mais popular entre os motoristas que buscam adicionar praticidade e conforto \u00e0s suas viagens. Fixado na lateral do ve\u00edculo, o toldo se desenrola facilmente, proporcionando uma \u00e1rea sombreada e protegida contra os elementos externos.<\/p>\n<p class=\"p1\">Uma das principais vantagens do toldo \u00e9 sua capacidade de criar um espa\u00e7o extra ao ar livre, ideal para momentos de lazer e descanso durante viagens longas ou acampamentos. Ele se torna uma verdadeira extens\u00e3o do ve\u00edculo, permitindo aos ocupantes relaxarem, fazerem refei\u00e7\u00f5es ou simplesmente apreciarem a paisagem em dias ensolarados.<\/p>\n<p class=\"p1\">Al\u00e9m disso, o toldo veicular \u00e9 extremamente \u00fatil para enfrentar condi\u00e7\u00f5es clim\u00e1ticas adversas. Em dias de chuva, ele oferece uma cobertura que evita que os passageiros se molhem ao entrar ou sair do ve\u00edculo. J\u00e1 em dias muito quentes, o toldo protege contra os raios solares, mantendo o interior do carro mais fresco e agrad\u00e1vel.<\/p>\n<p class=\"p1\">A versatilidade \u00e9 outra caracter\u00edstica importante do toldo veicular. Ele est\u00e1 dispon\u00edvel em diferentes tamanhos e materiais, adaptando-se a diversos modelos de carros e necessidades espec\u00edficas dos usu\u00e1rios. Al\u00e9m disso, muitos modelos possuem sistema de montagem r\u00e1pida e f\u00e1cil, garantindo que o toldo esteja pronto para uso em quest\u00e3o de minutos.<\/p>\n<p class=\"p1\">O toldo veicular \u00e9 um investimento que agrega valor ao seu carro e proporciona uma experi\u00eancia mais agrad\u00e1vel durante as viagens. Combinando prote\u00e7\u00e3o contra o sol e a chuva com um espa\u00e7o extra para desfrutar momentos ao ar livre, o toldo se torna um companheiro indispens\u00e1vel para quem gosta de explorar novos lugares com conforto e estilo.<\/p>\n<h2 style=\"text-align: center;\">Confira algumas fotos dos toldo articulado veicular manual instalado em Santos &#8211; SP<\/h2>\n\n\t\t<style type=\"text\/css\">\n\t\t\t#gallery-1 {\n\t\t\t\tmargin: auto;\n\t\t\t}\n\t\t\t#gallery-1 .gallery-item {\n\t\t\t\tfloat: left;\n\t\t\t\tmargin-top: 10px;\n\t\t\t\ttext-align: center;\n\t\t\t\twidth: 33%;\n\t\t\t}\n\t\t\t#gallery-1 img {\n\t\t\t\tborder: 2px solid #cfcfcf;\n\t\t\t}\n\t\t\t#gallery-1 .gallery-caption {\n\t\t\t\tmargin-left: 0;\n\t\t\t}\n\t\t\t\/* see gallery_shortcode() in wp-includes\/media.php *\/\n\t\t<\/style>\n\t\t<div id='gallery-1' class='gallery galleryid-2823 gallery-columns-3 gallery-size-thumbnail'><dl class='gallery-item'>\n\t\t\t<dt class='gallery-icon landscape'>\n\t\t\t\t<a href='https:\/\/www.toldoscondor.com.br\/blog\/2023\/07\/27\/toldo-veicular-instalado-em-santos-sp\/1-12\/'><img loading=\"lazy\" decoding=\"async\" width=\"150\" height=\"150\" src=\"https:\/\/www.toldoscondor.com.br\/blog\/wp-content\/uploads\/2023\/07\/1-2-150x150.jpg\" class=\"attachment-thumbnail size-thumbnail\" alt=\"toldo-articulado-veicular-amarelo-aberto-frontal\" srcset=\"https:\/\/www.toldoscondor.com.br\/blog\/wp-content\/uploads\/2023\/07\/1-2-150x150.jpg 150w, https:\/\/www.toldoscondor.com.br\/blog\/wp-content\/uploads\/2023\/07\/1-2-300x300.jpg 300w, https:\/\/www.toldoscondor.com.br\/blog\/wp-content\/uploads\/2023\/07\/1-2.jpg 500w\" sizes=\"auto, (max-width: 150px) 100vw, 150px\" \/><\/a>\n\t\t\t<\/dt><\/dl><dl class='gallery-item'>\n\t\t\t<dt class='gallery-icon landscape'>\n\t\t\t\t<a href='https:\/\/www.toldoscondor.com.br\/blog\/2023\/07\/27\/toldo-veicular-instalado-em-santos-sp\/2-12\/'><img loading=\"lazy\" decoding=\"async\" width=\"150\" height=\"150\" src=\"https:\/\/www.toldoscondor.com.br\/blog\/wp-content\/uploads\/2023\/07\/2-1-150x150.jpg\" class=\"attachment-thumbnail size-thumbnail\" alt=\"toldo-articulado-veicular-amarelo-aberto-inferior\" srcset=\"https:\/\/www.toldoscondor.com.br\/blog\/wp-content\/uploads\/2023\/07\/2-1-150x150.jpg 150w, https:\/\/www.toldoscondor.com.br\/blog\/wp-content\/uploads\/2023\/07\/2-1-300x300.jpg 300w, https:\/\/www.toldoscondor.com.br\/blog\/wp-content\/uploads\/2023\/07\/2-1.jpg 500w\" sizes=\"auto, (max-width: 150px) 100vw, 150px\" \/><\/a>\n\t\t\t<\/dt><\/dl><dl class='gallery-item'>\n\t\t\t<dt class='gallery-icon landscape'>\n\t\t\t\t<a href='https:\/\/www.toldoscondor.com.br\/blog\/2023\/07\/27\/toldo-veicular-instalado-em-santos-sp\/3-12\/'><img loading=\"lazy\" decoding=\"async\" width=\"150\" height=\"150\" src=\"https:\/\/www.toldoscondor.com.br\/blog\/wp-content\/uploads\/2023\/07\/3-1-150x150.jpg\" class=\"attachment-thumbnail size-thumbnail\" alt=\"toldo-articulado-veicular-amarelo-aberto-perfil\" srcset=\"https:\/\/www.toldoscondor.com.br\/blog\/wp-content\/uploads\/2023\/07\/3-1-150x150.jpg 150w, https:\/\/www.toldoscondor.com.br\/blog\/wp-content\/uploads\/2023\/07\/3-1-300x300.jpg 300w, https:\/\/www.toldoscondor.com.br\/blog\/wp-content\/uploads\/2023\/07\/3-1.jpg 500w\" sizes=\"auto, (max-width: 150px) 100vw, 150px\" \/><\/a>\n\t\t\t<\/dt><\/dl><br style=\"clear: both\" \/><dl class='gallery-item'>\n\t\t\t<dt class='gallery-icon landscape'>\n\t\t\t\t<a href='https:\/\/www.toldoscondor.com.br\/blog\/2023\/07\/27\/toldo-veicular-instalado-em-santos-sp\/4-10\/'><img loading=\"lazy\" decoding=\"async\" width=\"150\" height=\"150\" src=\"https:\/\/www.toldoscondor.com.br\/blog\/wp-content\/uploads\/2023\/07\/4-1-150x150.jpg\" class=\"attachment-thumbnail size-thumbnail\" alt=\"toldo-articulado-veicular-amarelo-fechado\" srcset=\"https:\/\/www.toldoscondor.com.br\/blog\/wp-content\/uploads\/2023\/07\/4-1-150x150.jpg 150w, https:\/\/www.toldoscondor.com.br\/blog\/wp-content\/uploads\/2023\/07\/4-1-300x300.jpg 300w, https:\/\/www.toldoscondor.com.br\/blog\/wp-content\/uploads\/2023\/07\/4-1.jpg 500w\" sizes=\"auto, (max-width: 150px) 100vw, 150px\" \/><\/a>\n\t\t\t<\/dt><\/dl>\n\t\t\t<br style='clear: both' \/>\n\t\t<\/div>\n\n<hr \/>\n<h3 style=\"text-align: center;\">Leve seu conforto para onde quiser com nossos toldos veiculares!<\/h3>\n<p style=\"text-align: center;\">Preencha o formul\u00e1rio abaixo e logo entraremos em contato!<\/p>\n<p style=\"text-align: center;\"><div class=\"wpforms-container wpforms-container-full\" id=\"wpforms-2036\"><form id=\"wpforms-form-2036\" class=\"wpforms-validate wpforms-form\" data-formid=\"2036\" method=\"post\" enctype=\"multipart\/form-data\" action=\"\/blog\/wp-json\/wp\/v2\/posts\/2823\" data-token=\"8f6d4150a67667e873847fc461590696\" data-token-time=\"1777814698\"><noscript class=\"wpforms-error-noscript\">Ative o JavaScript no seu navegador para preencher este formul\u00e1rio.<\/noscript><div class=\"wpforms-field-container\"><div id=\"wpforms-2036-field_1-container\" class=\"wpforms-field wpforms-field-name\" data-field-id=\"1\"><label class=\"wpforms-field-label\" for=\"wpforms-2036-field_1\">Seu nome <span class=\"wpforms-required-label\">*<\/span><\/label><input type=\"text\" id=\"wpforms-2036-field_1\" class=\"wpforms-field-large wpforms-field-required\" name=\"wpforms[fields][1]\" placeholder=\"Seu nome\" required><\/div><div id=\"wpforms-2036-field_6-container\" class=\"wpforms-field wpforms-field-email\" data-field-id=\"6\"><label class=\"wpforms-field-label\" for=\"wpforms-2036-field_6\">E-mail <span class=\"wpforms-required-label\">*<\/span><\/label><input type=\"email\" id=\"wpforms-2036-field_6\" class=\"wpforms-field-large wpforms-field-required\" name=\"wpforms[fields][6]\" placeholder=\"seuemail@email.com.br\" spellcheck=\"false\" required><\/div><div id=\"wpforms-2036-field_9-container\" class=\"wpforms-field wpforms-field-text\" data-field-id=\"9\"><label class=\"wpforms-field-label\" for=\"wpforms-2036-field_9\">Telefone <span class=\"wpforms-required-label\">*<\/span><\/label><input type=\"text\" id=\"wpforms-2036-field_9\" class=\"wpforms-field-large wpforms-field-required\" name=\"wpforms[fields][9]\" placeholder=\"(00) 00000-0000\" required><\/div><div id=\"wpforms-2036-field_4-container\" class=\"wpforms-field wpforms-field-textarea\" data-field-id=\"4\"><label class=\"wpforms-field-label\" for=\"wpforms-2036-field_4\">Mensagem <span class=\"wpforms-required-label\">*<\/span><\/label><textarea id=\"wpforms-2036-field_4\" class=\"wpforms-field-small wpforms-field-required\" name=\"wpforms[fields][4]\" placeholder=\"Escreva aqui sua mensagem\" required><\/textarea><\/div><div id=\"wpforms-2036-field_8-container\" class=\"wpforms-field wpforms-field-checkbox wpforms-list-inline\" data-field-id=\"8\"><label class=\"wpforms-field-label\">Deseja receber o or\u00e7amento por WhatsApp? <span class=\"wpforms-required-label\">*<\/span><\/label><ul id=\"wpforms-2036-field_8\" class=\"wpforms-field-required\"><li class=\"choice-3 depth-1\"><input type=\"checkbox\" id=\"wpforms-2036-field_8_3\" name=\"wpforms[fields][8][]\" value=\"Sim\" required ><label class=\"wpforms-field-label-inline\" for=\"wpforms-2036-field_8_3\">Sim<\/label><\/li><li class=\"choice-4 depth-1\"><input type=\"checkbox\" id=\"wpforms-2036-field_8_4\" name=\"wpforms[fields][8][]\" value=\"N\u00e3o\" required ><label class=\"wpforms-field-label-inline\" for=\"wpforms-2036-field_8_4\">N\u00e3o<\/label><\/li><\/ul><div class=\"wpforms-field-description\">Nossos numero fixos tamb\u00e9m s\u00e3o WhatsApp!\r\n (11) 2041-0162 \/ (11) 2359-3405<\/div><\/div><\/div><!-- .wpforms-field-container --><div class=\"wpforms-field wpforms-field-hp\"><label for=\"wpforms-2036-field-hp\" class=\"wpforms-field-label\">Website<\/label><input type=\"text\" name=\"wpforms[hp]\" id=\"wpforms-2036-field-hp\" class=\"wpforms-field-medium\"><\/div><div class=\"wpforms-submit-container\" ><input type=\"hidden\" name=\"wpforms[id]\" value=\"2036\"><input type=\"hidden\" name=\"page_title\" value=\"\"><input type=\"hidden\" name=\"page_url\" value=\"https:\/\/www.toldoscondor.com.br\/blog\/wp-json\/wp\/v2\/posts\/2823\"><input type=\"hidden\" name=\"url_referer\" value=\"\"><button type=\"submit\" name=\"wpforms[submit]\" id=\"wpforms-submit-2036\" class=\"wpforms-submit\" data-alt-text=\"Enviando\" data-submit-text=\"Enviar\" aria-live=\"assertive\" value=\"wpforms-submit\">Enviar<\/button><\/div><\/form><\/div>  <!-- .wpforms-container --><\/p>\n<hr \/>\n<h4 style=\"text-align: center;\">Gostou do post?<\/h4>\n<h4 style=\"text-align: center;\">N\u00e3o esque\u00e7a de compartilhar!<\/h4>\n<p style=\"text-align: center;\">[addthis tool=&#8221;addthis_inline_share_toolbox_above&#8221;]<\/p>\n<p>Conhe\u00e7a um pouco mais sobre toldos veiculares em nosso site:<\/p>\n<p><a href=\"http:\/\/toldoscondor.com.br\/toldos-articulados-para-veiculos.html\">http:\/\/toldoscondor.com.br\/toldos-articulados-para-veiculos.html<\/a><\/p>\n<p>Tem as medidas? Fa\u00e7a seu or\u00e7amento agora mesmo usando um de nossos canais de atendimento que funcionam de segunda a sexta-feira das 9:00 \u00e0s 17:30.<\/p>\n<p>Atendimento por Telefone, E-mail e WhatsApp<\/p>\n<p>(11) 2041-0162<br \/>\n<a href=\"mailto:atendimento@toldoscondor.com.br\">atendimento@toldoscondor.com.br<\/a><br \/>\n<a href=\"https:\/\/www.toldoscondor.com.br\/whatsapp.html\">https:\/\/www.toldoscondor.com.br\/whatsapp.html<\/a><\/p>\n<p>Conhe\u00e7a nosso canal no youtube!<br \/>\n<a href=\"http:\/\/www.youtube.com\/toldoscondor\">www.youtube.com\/toldoscondor<\/a><\/p>\n<p>Toldos Condor<br \/>\nDesde 1995 cobrindo o Brasil!<\/p>\n","protected":false},"excerpt":{"rendered":"<p>O toldo veicular \u00e9 um acess\u00f3rio cada vez mais popular entre os motoristas que buscam adicionar praticidade e conforto \u00e0s suas viagens. Fixado na lateral do ve\u00edculo, o toldo se desenrola facilmente, proporcionando uma \u00e1rea sombreada e protegida contra os elementos externos. Uma das principais vantagens do toldo \u00e9 sua [&hellip;]<\/p>\n","protected":false},"author":2,"featured_media":2824,"comment_status":"closed","ping_status":"open","sticky":false,"template":"","format":"standard","meta":{"_jetpack_memberships_contains_paid_content":false,"_joinchat":[],"footnotes":""},"categories":[686],"tags":[950,1044,1046,1042,1009,712,951,710,4,1012,904,889,1041,711,1043,982,1045],"class_list":["post-2823","post","type-post","status-publish","format-standard","has-post-thumbnail","hentry","category-toldo-em-veiculos","tag-basic","tag-bus","tag-camping","tag-carro","tag-estrutura","tag-foodtruck","tag-nacional","tag-onibus","tag-toldo","tag-toldoabreefecha","tag-toldoarticulado","tag-toldoscondor","tag-toldoveicular","tag-van","tag-veicular","tag-veiculo","tag-viagem"],"yoast_head":"<!-- This site is optimized with the Yoast SEO plugin v26.2 - https:\/\/yoast.com\/wordpress\/plugins\/seo\/ -->\n<title>Toldo Veicular instalado em Santos - SP , Toldos Condor<\/title>\n<meta name=\"description\" content=\"Toldo veicular com bra\u00e7os articulados, leve conforto e qualidade em todas as suas viagens.\" \/>\n<meta name=\"robots\" content=\"index, follow, max-snippet:-1, max-image-preview:large, max-video-preview:-1\" \/>\n<link rel=\"canonical\" href=\"https:\/\/www.toldoscondor.com.br\/blog\/2023\/07\/27\/toldo-veicular-instalado-em-santos-sp\/\" \/>\n<meta property=\"og:locale\" content=\"pt_BR\" \/>\n<meta property=\"og:type\" content=\"article\" \/>\n<meta property=\"og:title\" content=\"Toldo Veicular instalado em Santos - SP , Toldos Condor\" \/>\n<meta property=\"og:description\" content=\"Toldo veicular com bra\u00e7os articulados, leve conforto e qualidade em todas as suas viagens.\" \/>\n<meta property=\"og:url\" content=\"https:\/\/www.toldoscondor.com.br\/blog\/2023\/07\/27\/toldo-veicular-instalado-em-santos-sp\/\" \/>\n<meta property=\"og:site_name\" content=\"Toldos Condor\" \/>\n<meta property=\"article:publisher\" content=\"https:\/\/www.facebook.com\/CondorToldos\/\" \/>\n<meta property=\"article:published_time\" content=\"2023-07-27T14:44:56+00:00\" \/>\n<meta property=\"og:image\" content=\"https:\/\/www.toldoscondor.com.br\/blog\/wp-content\/uploads\/2023\/07\/1-2.jpg\" \/>\n\t<meta property=\"og:image:width\" content=\"500\" \/>\n\t<meta property=\"og:image:height\" content=\"500\" \/>\n\t<meta property=\"og:image:type\" content=\"image\/jpeg\" \/>\n<meta name=\"author\" content=\"Felipe Mattos\" \/>\n<meta name=\"twitter:card\" content=\"summary_large_image\" \/>\n<meta name=\"twitter:label1\" content=\"Escrito por\" \/>\n\t<meta name=\"twitter:data1\" content=\"Felipe Mattos\" \/>\n\t<meta name=\"twitter:label2\" content=\"Est. tempo de leitura\" \/>\n\t<meta name=\"twitter:data2\" content=\"2 minutos\" \/>\n<script type=\"application\/ld+json\" class=\"yoast-schema-graph\">{\"@context\":\"https:\/\/schema.org\",\"@graph\":[{\"@type\":\"Article\",\"@id\":\"https:\/\/www.toldoscondor.com.br\/blog\/2023\/07\/27\/toldo-veicular-instalado-em-santos-sp\/#article\",\"isPartOf\":{\"@id\":\"https:\/\/www.toldoscondor.com.br\/blog\/2023\/07\/27\/toldo-veicular-instalado-em-santos-sp\/\"},\"author\":{\"name\":\"Felipe Mattos\",\"@id\":\"http:\/\/www.toldoscondor.com.br\/blog\/#\/schema\/person\/0c8fb7e41cd3690cca5f3a8e16fe233d\"},\"headline\":\"Toldo Veicular instalado em Santos &#8211; SP\",\"datePublished\":\"2023-07-27T14:44:56+00:00\",\"mainEntityOfPage\":{\"@id\":\"https:\/\/www.toldoscondor.com.br\/blog\/2023\/07\/27\/toldo-veicular-instalado-em-santos-sp\/\"},\"wordCount\":415,\"publisher\":{\"@id\":\"http:\/\/www.toldoscondor.com.br\/blog\/#organization\"},\"image\":{\"@id\":\"https:\/\/www.toldoscondor.com.br\/blog\/2023\/07\/27\/toldo-veicular-instalado-em-santos-sp\/#primaryimage\"},\"thumbnailUrl\":\"https:\/\/www.toldoscondor.com.br\/blog\/wp-content\/uploads\/2023\/07\/1-2.jpg\",\"keywords\":[\"basic\",\"bus\",\"camping\",\"carro\",\"estrutura\",\"foodtruck\",\"nacional\",\"onibus\",\"toldo\",\"toldoabreefecha\",\"toldoarticulado\",\"toldoscondor\",\"toldoveicular\",\"van\",\"veicular\",\"ve\u00edculo\",\"viagem\"],\"articleSection\":[\"Toldos em Ve\u00edculos\"],\"inLanguage\":\"pt-BR\"},{\"@type\":\"WebPage\",\"@id\":\"https:\/\/www.toldoscondor.com.br\/blog\/2023\/07\/27\/toldo-veicular-instalado-em-santos-sp\/\",\"url\":\"https:\/\/www.toldoscondor.com.br\/blog\/2023\/07\/27\/toldo-veicular-instalado-em-santos-sp\/\",\"name\":\"Toldo Veicular instalado em Santos - SP , Toldos Condor\",\"isPartOf\":{\"@id\":\"http:\/\/www.toldoscondor.com.br\/blog\/#website\"},\"primaryImageOfPage\":{\"@id\":\"https:\/\/www.toldoscondor.com.br\/blog\/2023\/07\/27\/toldo-veicular-instalado-em-santos-sp\/#primaryimage\"},\"image\":{\"@id\":\"https:\/\/www.toldoscondor.com.br\/blog\/2023\/07\/27\/toldo-veicular-instalado-em-santos-sp\/#primaryimage\"},\"thumbnailUrl\":\"https:\/\/www.toldoscondor.com.br\/blog\/wp-content\/uploads\/2023\/07\/1-2.jpg\",\"datePublished\":\"2023-07-27T14:44:56+00:00\",\"description\":\"Toldo veicular com bra\u00e7os articulados, leve conforto e qualidade em todas as suas viagens.\",\"breadcrumb\":{\"@id\":\"https:\/\/www.toldoscondor.com.br\/blog\/2023\/07\/27\/toldo-veicular-instalado-em-santos-sp\/#breadcrumb\"},\"inLanguage\":\"pt-BR\",\"potentialAction\":[{\"@type\":\"ReadAction\",\"target\":[\"https:\/\/www.toldoscondor.com.br\/blog\/2023\/07\/27\/toldo-veicular-instalado-em-santos-sp\/\"]}]},{\"@type\":\"ImageObject\",\"inLanguage\":\"pt-BR\",\"@id\":\"https:\/\/www.toldoscondor.com.br\/blog\/2023\/07\/27\/toldo-veicular-instalado-em-santos-sp\/#primaryimage\",\"url\":\"https:\/\/www.toldoscondor.com.br\/blog\/wp-content\/uploads\/2023\/07\/1-2.jpg\",\"contentUrl\":\"https:\/\/www.toldoscondor.com.br\/blog\/wp-content\/uploads\/2023\/07\/1-2.jpg\",\"width\":500,\"height\":500,\"caption\":\"toldo-articulado-veicular-amarelo-aberto-frontal\"},{\"@type\":\"BreadcrumbList\",\"@id\":\"https:\/\/www.toldoscondor.com.br\/blog\/2023\/07\/27\/toldo-veicular-instalado-em-santos-sp\/#breadcrumb\",\"itemListElement\":[{\"@type\":\"ListItem\",\"position\":1,\"name\":\"In\u00edcio\",\"item\":\"http:\/\/www.toldoscondor.com.br\/blog\/\"},{\"@type\":\"ListItem\",\"position\":2,\"name\":\"Toldo Veicular instalado em Santos &#8211; SP\"}]},{\"@type\":\"WebSite\",\"@id\":\"http:\/\/www.toldoscondor.com.br\/blog\/#website\",\"url\":\"http:\/\/www.toldoscondor.com.br\/blog\/\",\"name\":\"Toldos Condor\",\"description\":\"Neste blog voc\u00ea encontra alguns dos servi\u00e7os feitos por n\u00f3s da Toldos Condor.\",\"publisher\":{\"@id\":\"http:\/\/www.toldoscondor.com.br\/blog\/#organization\"},\"potentialAction\":[{\"@type\":\"SearchAction\",\"target\":{\"@type\":\"EntryPoint\",\"urlTemplate\":\"http:\/\/www.toldoscondor.com.br\/blog\/?s={search_term_string}\"},\"query-input\":{\"@type\":\"PropertyValueSpecification\",\"valueRequired\":true,\"valueName\":\"search_term_string\"}}],\"inLanguage\":\"pt-BR\"},{\"@type\":\"Organization\",\"@id\":\"http:\/\/www.toldoscondor.com.br\/blog\/#organization\",\"name\":\"Toldos Condor\",\"url\":\"http:\/\/www.toldoscondor.com.br\/blog\/\",\"logo\":{\"@type\":\"ImageObject\",\"inLanguage\":\"pt-BR\",\"@id\":\"http:\/\/www.toldoscondor.com.br\/blog\/#\/schema\/logo\/image\/\",\"url\":\"http:\/\/www.toldoscondor.com.br\/blog\/wp-content\/uploads\/2016\/04\/Logo.png\",\"contentUrl\":\"http:\/\/www.toldoscondor.com.br\/blog\/wp-content\/uploads\/2016\/04\/Logo.png\",\"width\":2167,\"height\":623,\"caption\":\"Toldos Condor\"},\"image\":{\"@id\":\"http:\/\/www.toldoscondor.com.br\/blog\/#\/schema\/logo\/image\/\"},\"sameAs\":[\"https:\/\/www.facebook.com\/CondorToldos\/\",\"http:\/\/br.pinterest.com\/toldoscondor\/\",\"https:\/\/www.youtube.com\/channel\/UCNFWz-w4fuyU1GwrseoXb8A\"]},{\"@type\":\"Person\",\"@id\":\"http:\/\/www.toldoscondor.com.br\/blog\/#\/schema\/person\/0c8fb7e41cd3690cca5f3a8e16fe233d\",\"name\":\"Felipe Mattos\",\"image\":{\"@type\":\"ImageObject\",\"inLanguage\":\"pt-BR\",\"@id\":\"http:\/\/www.toldoscondor.com.br\/blog\/#\/schema\/person\/image\/\",\"url\":\"https:\/\/secure.gravatar.com\/avatar\/36cdb02f2cb88681957b843c0492f6be6cac6fd1355f675278fcfbaba71a870c?s=96&d=mm&r=g\",\"contentUrl\":\"https:\/\/secure.gravatar.com\/avatar\/36cdb02f2cb88681957b843c0492f6be6cac6fd1355f675278fcfbaba71a870c?s=96&d=mm&r=g\",\"caption\":\"Felipe Mattos\"},\"sameAs\":[\"http:\/\/www.toldoscondor.com.br\"],\"url\":\"https:\/\/www.toldoscondor.com.br\/blog\/author\/felipe\/\"}]}<\/script>\n<!-- \/ Yoast SEO plugin. -->","yoast_head_json":{"title":"Toldo Veicular instalado em Santos - SP , Toldos Condor","description":"Toldo veicular com bra\u00e7os articulados, leve conforto e qualidade em todas as suas viagens.","robots":{"index":"index","follow":"follow","max-snippet":"max-snippet:-1","max-image-preview":"max-image-preview:large","max-video-preview":"max-video-preview:-1"},"canonical":"https:\/\/www.toldoscondor.com.br\/blog\/2023\/07\/27\/toldo-veicular-instalado-em-santos-sp\/","og_locale":"pt_BR","og_type":"article","og_title":"Toldo Veicular instalado em Santos - SP , Toldos Condor","og_description":"Toldo veicular com bra\u00e7os articulados, leve conforto e qualidade em todas as suas viagens.","og_url":"https:\/\/www.toldoscondor.com.br\/blog\/2023\/07\/27\/toldo-veicular-instalado-em-santos-sp\/","og_site_name":"Toldos Condor","article_publisher":"https:\/\/www.facebook.com\/CondorToldos\/","article_published_time":"2023-07-27T14:44:56+00:00","og_image":[{"width":500,"height":500,"url":"https:\/\/www.toldoscondor.com.br\/blog\/wp-content\/uploads\/2023\/07\/1-2.jpg","type":"image\/jpeg"}],"author":"Felipe Mattos","twitter_card":"summary_large_image","twitter_misc":{"Escrito por":"Felipe Mattos","Est. tempo de leitura":"2 minutos"},"schema":{"@context":"https:\/\/schema.org","@graph":[{"@type":"Article","@id":"https:\/\/www.toldoscondor.com.br\/blog\/2023\/07\/27\/toldo-veicular-instalado-em-santos-sp\/#article","isPartOf":{"@id":"https:\/\/www.toldoscondor.com.br\/blog\/2023\/07\/27\/toldo-veicular-instalado-em-santos-sp\/"},"author":{"name":"Felipe Mattos","@id":"http:\/\/www.toldoscondor.com.br\/blog\/#\/schema\/person\/0c8fb7e41cd3690cca5f3a8e16fe233d"},"headline":"Toldo Veicular instalado em Santos &#8211; SP","datePublished":"2023-07-27T14:44:56+00:00","mainEntityOfPage":{"@id":"https:\/\/www.toldoscondor.com.br\/blog\/2023\/07\/27\/toldo-veicular-instalado-em-santos-sp\/"},"wordCount":415,"publisher":{"@id":"http:\/\/www.toldoscondor.com.br\/blog\/#organization"},"image":{"@id":"https:\/\/www.toldoscondor.com.br\/blog\/2023\/07\/27\/toldo-veicular-instalado-em-santos-sp\/#primaryimage"},"thumbnailUrl":"https:\/\/www.toldoscondor.com.br\/blog\/wp-content\/uploads\/2023\/07\/1-2.jpg","keywords":["basic","bus","camping","carro","estrutura","foodtruck","nacional","onibus","toldo","toldoabreefecha","toldoarticulado","toldoscondor","toldoveicular","van","veicular","ve\u00edculo","viagem"],"articleSection":["Toldos em Ve\u00edculos"],"inLanguage":"pt-BR"},{"@type":"WebPage","@id":"https:\/\/www.toldoscondor.com.br\/blog\/2023\/07\/27\/toldo-veicular-instalado-em-santos-sp\/","url":"https:\/\/www.toldoscondor.com.br\/blog\/2023\/07\/27\/toldo-veicular-instalado-em-santos-sp\/","name":"Toldo Veicular instalado em Santos - SP , Toldos Condor","isPartOf":{"@id":"http:\/\/www.toldoscondor.com.br\/blog\/#website"},"primaryImageOfPage":{"@id":"https:\/\/www.toldoscondor.com.br\/blog\/2023\/07\/27\/toldo-veicular-instalado-em-santos-sp\/#primaryimage"},"image":{"@id":"https:\/\/www.toldoscondor.com.br\/blog\/2023\/07\/27\/toldo-veicular-instalado-em-santos-sp\/#primaryimage"},"thumbnailUrl":"https:\/\/www.toldoscondor.com.br\/blog\/wp-content\/uploads\/2023\/07\/1-2.jpg","datePublished":"2023-07-27T14:44:56+00:00","description":"Toldo veicular com bra\u00e7os articulados, leve conforto e qualidade em todas as suas viagens.","breadcrumb":{"@id":"https:\/\/www.toldoscondor.com.br\/blog\/2023\/07\/27\/toldo-veicular-instalado-em-santos-sp\/#breadcrumb"},"inLanguage":"pt-BR","potentialAction":[{"@type":"ReadAction","target":["https:\/\/www.toldoscondor.com.br\/blog\/2023\/07\/27\/toldo-veicular-instalado-em-santos-sp\/"]}]},{"@type":"ImageObject","inLanguage":"pt-BR","@id":"https:\/\/www.toldoscondor.com.br\/blog\/2023\/07\/27\/toldo-veicular-instalado-em-santos-sp\/#primaryimage","url":"https:\/\/www.toldoscondor.com.br\/blog\/wp-content\/uploads\/2023\/07\/1-2.jpg","contentUrl":"https:\/\/www.toldoscondor.com.br\/blog\/wp-content\/uploads\/2023\/07\/1-2.jpg","width":500,"height":500,"caption":"toldo-articulado-veicular-amarelo-aberto-frontal"},{"@type":"BreadcrumbList","@id":"https:\/\/www.toldoscondor.com.br\/blog\/2023\/07\/27\/toldo-veicular-instalado-em-santos-sp\/#breadcrumb","itemListElement":[{"@type":"ListItem","position":1,"name":"In\u00edcio","item":"http:\/\/www.toldoscondor.com.br\/blog\/"},{"@type":"ListItem","position":2,"name":"Toldo Veicular instalado em Santos &#8211; SP"}]},{"@type":"WebSite","@id":"http:\/\/www.toldoscondor.com.br\/blog\/#website","url":"http:\/\/www.toldoscondor.com.br\/blog\/","name":"Toldos Condor","description":"Neste blog voc\u00ea encontra alguns dos servi\u00e7os feitos por n\u00f3s da Toldos Condor.","publisher":{"@id":"http:\/\/www.toldoscondor.com.br\/blog\/#organization"},"potentialAction":[{"@type":"SearchAction","target":{"@type":"EntryPoint","urlTemplate":"http:\/\/www.toldoscondor.com.br\/blog\/?s={search_term_string}"},"query-input":{"@type":"PropertyValueSpecification","valueRequired":true,"valueName":"search_term_string"}}],"inLanguage":"pt-BR"},{"@type":"Organization","@id":"http:\/\/www.toldoscondor.com.br\/blog\/#organization","name":"Toldos Condor","url":"http:\/\/www.toldoscondor.com.br\/blog\/","logo":{"@type":"ImageObject","inLanguage":"pt-BR","@id":"http:\/\/www.toldoscondor.com.br\/blog\/#\/schema\/logo\/image\/","url":"http:\/\/www.toldoscondor.com.br\/blog\/wp-content\/uploads\/2016\/04\/Logo.png","contentUrl":"http:\/\/www.toldoscondor.com.br\/blog\/wp-content\/uploads\/2016\/04\/Logo.png","width":2167,"height":623,"caption":"Toldos Condor"},"image":{"@id":"http:\/\/www.toldoscondor.com.br\/blog\/#\/schema\/logo\/image\/"},"sameAs":["https:\/\/www.facebook.com\/CondorToldos\/","http:\/\/br.pinterest.com\/toldoscondor\/","https:\/\/www.youtube.com\/channel\/UCNFWz-w4fuyU1GwrseoXb8A"]},{"@type":"Person","@id":"http:\/\/www.toldoscondor.com.br\/blog\/#\/schema\/person\/0c8fb7e41cd3690cca5f3a8e16fe233d","name":"Felipe Mattos","image":{"@type":"ImageObject","inLanguage":"pt-BR","@id":"http:\/\/www.toldoscondor.com.br\/blog\/#\/schema\/person\/image\/","url":"https:\/\/secure.gravatar.com\/avatar\/36cdb02f2cb88681957b843c0492f6be6cac6fd1355f675278fcfbaba71a870c?s=96&d=mm&r=g","contentUrl":"https:\/\/secure.gravatar.com\/avatar\/36cdb02f2cb88681957b843c0492f6be6cac6fd1355f675278fcfbaba71a870c?s=96&d=mm&r=g","caption":"Felipe Mattos"},"sameAs":["http:\/\/www.toldoscondor.com.br"],"url":"https:\/\/www.toldoscondor.com.br\/blog\/author\/felipe\/"}]}},"jetpack_featured_media_url":"https:\/\/www.toldoscondor.com.br\/blog\/wp-content\/uploads\/2023\/07\/1-2.jpg","jetpack_sharing_enabled":true,"_links":{"self":[{"href":"https:\/\/www.toldoscondor.com.br\/blog\/wp-json\/wp\/v2\/posts\/2823","targetHints":{"allow":["GET"]}}],"collection":[{"href":"https:\/\/www.toldoscondor.com.br\/blog\/wp-json\/wp\/v2\/posts"}],"about":[{"href":"https:\/\/www.toldoscondor.com.br\/blog\/wp-json\/wp\/v2\/types\/post"}],"author":[{"embeddable":true,"href":"https:\/\/www.toldoscondor.com.br\/blog\/wp-json\/wp\/v2\/users\/2"}],"replies":[{"embeddable":true,"href":"https:\/\/www.toldoscondor.com.br\/blog\/wp-json\/wp\/v2\/comments?post=2823"}],"version-history":[{"count":2,"href":"https:\/\/www.toldoscondor.com.br\/blog\/wp-json\/wp\/v2\/posts\/2823\/revisions"}],"predecessor-version":[{"id":2835,"href":"https:\/\/www.toldoscondor.com.br\/blog\/wp-json\/wp\/v2\/posts\/2823\/revisions\/2835"}],"wp:featuredmedia":[{"embeddable":true,"href":"https:\/\/www.toldoscondor.com.br\/blog\/wp-json\/wp\/v2\/media\/2824"}],"wp:attachment":[{"href":"https:\/\/www.toldoscondor.com.br\/blog\/wp-json\/wp\/v2\/media?parent=2823"}],"wp:term":[{"taxonomy":"category","embeddable":true,"href":"https:\/\/www.toldoscondor.com.br\/blog\/wp-json\/wp\/v2\/categories?post=2823"},{"taxonomy":"post_tag","embeddable":true,"href":"https:\/\/www.toldoscondor.com.br\/blog\/wp-json\/wp\/v2\/tags?post=2823"}],"curies":[{"name":"wp","href":"https:\/\/api.w.org\/{rel}","templated":true}]}}