{"id":2746,"date":"2023-06-23T12:17:30","date_gmt":"2023-06-23T15:17:30","guid":{"rendered":"https:\/\/www.toldoscondor.com.br\/blog\/?p=2746"},"modified":"2023-06-23T12:17:30","modified_gmt":"2023-06-23T15:17:30","slug":"toldo-articulado-basic-motorizado-instalado-no-morumbi-sp","status":"publish","type":"post","link":"https:\/\/www.toldoscondor.com.br\/blog\/2023\/06\/23\/toldo-articulado-basic-motorizado-instalado-no-morumbi-sp\/","title":{"rendered":"Toldo Articulado Basic Motorizado instalado no Morumbi &#8211; SP"},"content":{"rendered":"<p>Um toldo articulado basic motorizado com lona acr\u00edlica \u00e9 uma solu\u00e7\u00e3o vers\u00e1til e funcional para proteger \u00e1reas externas de resid\u00eancias, estabelecimentos comerciais e espa\u00e7os p\u00fablicos. Com seu design flex\u00edvel e ajust\u00e1vel, ele oferece uma cobertura eficiente contra os elementos, combinada com um visual atraente.<\/p>\n<p>A lona acr\u00edlica utilizada nesses toldos possui propriedades especiais que a tornam ideal para uso ao ar livre. Ela \u00e9 resistente aos raios UV, o que significa que n\u00e3o desbota facilmente sob a exposi\u00e7\u00e3o solar intensa. Al\u00e9m disso, sua estrutura imperme\u00e1vel e resistente a manchas impede a passagem da \u00e1gua da chuva, permitindo que as pessoas aproveitem o ambiente protegido mesmo em dias chuvosos.<\/p>\n<p>A funcionalidade do toldo articulado \u00e9 um destaque not\u00e1vel. Ele pode ser ajustado facilmente para proporcionar sombra em diferentes momentos do dia, permitindo que voc\u00ea aproveite ao m\u00e1ximo seu espa\u00e7o externo, seja para relaxar, realizar eventos ou at\u00e9 mesmo criar um ambiente confort\u00e1vel para seus clientes.<\/p>\n<p>Al\u00e9m disso, a lona acr\u00edlica \u00e9 f\u00e1cil de limpar e manter, garantindo que o toldo esteja sempre em \u00f3timas condi\u00e7\u00f5es est\u00e9ticas. Com uma ampla variedade de cores e padr\u00f5es dispon\u00edveis, \u00e9 poss\u00edvel escolher uma op\u00e7\u00e3o que se adapte ao estilo e \u00e0 est\u00e9tica do local, proporcionando um toque visualmente agrad\u00e1vel.<\/p>\n<h2 style=\"text-align: center;\">Confira fotos do toldo instalado no Morumbi &#8211; SP<\/h2>\n\n\t\t<style type=\"text\/css\">\n\t\t\t#gallery-1 {\n\t\t\t\tmargin: auto;\n\t\t\t}\n\t\t\t#gallery-1 .gallery-item {\n\t\t\t\tfloat: left;\n\t\t\t\tmargin-top: 10px;\n\t\t\t\ttext-align: center;\n\t\t\t\twidth: 33%;\n\t\t\t}\n\t\t\t#gallery-1 img {\n\t\t\t\tborder: 2px solid #cfcfcf;\n\t\t\t}\n\t\t\t#gallery-1 .gallery-caption {\n\t\t\t\tmargin-left: 0;\n\t\t\t}\n\t\t\t\/* see gallery_shortcode() in wp-includes\/media.php *\/\n\t\t<\/style>\n\t\t<div id='gallery-1' class='gallery galleryid-2746 gallery-columns-3 gallery-size-thumbnail'><dl class='gallery-item'>\n\t\t\t<dt class='gallery-icon landscape'>\n\t\t\t\t<a href='https:\/\/www.toldoscondor.com.br\/blog\/2023\/06\/23\/toldo-articulado-basic-motorizado-instalado-no-morumbi-sp\/artmorumbiautopreto001\/'><img loading=\"lazy\" decoding=\"async\" width=\"150\" height=\"150\" src=\"https:\/\/www.toldoscondor.com.br\/blog\/wp-content\/uploads\/2023\/06\/artmorumbiautopreto001-150x150.jpg\" class=\"attachment-thumbnail size-thumbnail\" alt=\"toldo-articulado-basic-motorizado-frontal\" srcset=\"https:\/\/www.toldoscondor.com.br\/blog\/wp-content\/uploads\/2023\/06\/artmorumbiautopreto001-150x150.jpg 150w, https:\/\/www.toldoscondor.com.br\/blog\/wp-content\/uploads\/2023\/06\/artmorumbiautopreto001-300x300.jpg 300w, https:\/\/www.toldoscondor.com.br\/blog\/wp-content\/uploads\/2023\/06\/artmorumbiautopreto001.jpg 500w\" sizes=\"auto, (max-width: 150px) 100vw, 150px\" \/><\/a>\n\t\t\t<\/dt><\/dl><dl class='gallery-item'>\n\t\t\t<dt class='gallery-icon landscape'>\n\t\t\t\t<a href='https:\/\/www.toldoscondor.com.br\/blog\/2023\/06\/23\/toldo-articulado-basic-motorizado-instalado-no-morumbi-sp\/artmorumbiautopreto002\/'><img loading=\"lazy\" decoding=\"async\" width=\"150\" height=\"150\" src=\"https:\/\/www.toldoscondor.com.br\/blog\/wp-content\/uploads\/2023\/06\/artmorumbiautopreto002-150x150.jpg\" class=\"attachment-thumbnail size-thumbnail\" alt=\"toldo-articulado-basic-motorizado-estruturas\" srcset=\"https:\/\/www.toldoscondor.com.br\/blog\/wp-content\/uploads\/2023\/06\/artmorumbiautopreto002-150x150.jpg 150w, https:\/\/www.toldoscondor.com.br\/blog\/wp-content\/uploads\/2023\/06\/artmorumbiautopreto002-300x300.jpg 300w, https:\/\/www.toldoscondor.com.br\/blog\/wp-content\/uploads\/2023\/06\/artmorumbiautopreto002.jpg 500w\" sizes=\"auto, (max-width: 150px) 100vw, 150px\" \/><\/a>\n\t\t\t<\/dt><\/dl>\n\t\t\t<br style='clear: both' \/>\n\t\t<\/div>\n\n<hr \/>\n<h3 style=\"text-align: center;\">A qualidade do toldo nacional com a tecnologia da lona acr\u00edlica, vem fazer seu or\u00e7amento sem compromisso!<\/h3>\n<p style=\"text-align: center;\">Preencha o formul\u00e1rio abaixo e logo entraremos em contato!<\/p>\n<p style=\"text-align: center;\"><div class=\"wpforms-container wpforms-container-full\" id=\"wpforms-2036\"><form id=\"wpforms-form-2036\" class=\"wpforms-validate wpforms-form\" data-formid=\"2036\" method=\"post\" enctype=\"multipart\/form-data\" action=\"\/blog\/wp-json\/wp\/v2\/posts\/2746\" data-token=\"8f6d4150a67667e873847fc461590696\" data-token-time=\"1777818913\"><noscript class=\"wpforms-error-noscript\">Ative o JavaScript no seu navegador para preencher este formul\u00e1rio.<\/noscript><div class=\"wpforms-field-container\"><div id=\"wpforms-2036-field_1-container\" class=\"wpforms-field wpforms-field-name\" data-field-id=\"1\"><label class=\"wpforms-field-label\" for=\"wpforms-2036-field_1\">Seu nome <span class=\"wpforms-required-label\">*<\/span><\/label><input type=\"text\" id=\"wpforms-2036-field_1\" class=\"wpforms-field-large wpforms-field-required\" name=\"wpforms[fields][1]\" placeholder=\"Seu nome\" required><\/div><div id=\"wpforms-2036-field_6-container\" class=\"wpforms-field wpforms-field-email\" data-field-id=\"6\"><label class=\"wpforms-field-label\" for=\"wpforms-2036-field_6\">E-mail <span class=\"wpforms-required-label\">*<\/span><\/label><input type=\"email\" id=\"wpforms-2036-field_6\" class=\"wpforms-field-large wpforms-field-required\" name=\"wpforms[fields][6]\" placeholder=\"seuemail@email.com.br\" spellcheck=\"false\" required><\/div><div id=\"wpforms-2036-field_9-container\" class=\"wpforms-field wpforms-field-text\" data-field-id=\"9\"><label class=\"wpforms-field-label\" for=\"wpforms-2036-field_9\">Telefone <span class=\"wpforms-required-label\">*<\/span><\/label><input type=\"text\" id=\"wpforms-2036-field_9\" class=\"wpforms-field-large wpforms-field-required\" name=\"wpforms[fields][9]\" placeholder=\"(00) 00000-0000\" required><\/div><div id=\"wpforms-2036-field_4-container\" class=\"wpforms-field wpforms-field-textarea\" data-field-id=\"4\"><label class=\"wpforms-field-label\" for=\"wpforms-2036-field_4\">Mensagem <span class=\"wpforms-required-label\">*<\/span><\/label><textarea id=\"wpforms-2036-field_4\" class=\"wpforms-field-small wpforms-field-required\" name=\"wpforms[fields][4]\" placeholder=\"Escreva aqui sua mensagem\" required><\/textarea><\/div><div id=\"wpforms-2036-field_8-container\" class=\"wpforms-field wpforms-field-checkbox wpforms-list-inline\" data-field-id=\"8\"><label class=\"wpforms-field-label\">Deseja receber o or\u00e7amento por WhatsApp? <span class=\"wpforms-required-label\">*<\/span><\/label><ul id=\"wpforms-2036-field_8\" class=\"wpforms-field-required\"><li class=\"choice-3 depth-1\"><input type=\"checkbox\" id=\"wpforms-2036-field_8_3\" name=\"wpforms[fields][8][]\" value=\"Sim\" required ><label class=\"wpforms-field-label-inline\" for=\"wpforms-2036-field_8_3\">Sim<\/label><\/li><li class=\"choice-4 depth-1\"><input type=\"checkbox\" id=\"wpforms-2036-field_8_4\" name=\"wpforms[fields][8][]\" value=\"N\u00e3o\" required ><label class=\"wpforms-field-label-inline\" for=\"wpforms-2036-field_8_4\">N\u00e3o<\/label><\/li><\/ul><div class=\"wpforms-field-description\">Nossos numero fixos tamb\u00e9m s\u00e3o WhatsApp!\r\n (11) 2041-0162 \/ (11) 2359-3405<\/div><\/div><\/div><!-- .wpforms-field-container --><div class=\"wpforms-field wpforms-field-hp\"><label for=\"wpforms-2036-field-hp\" class=\"wpforms-field-label\">Comment<\/label><input type=\"text\" name=\"wpforms[hp]\" id=\"wpforms-2036-field-hp\" class=\"wpforms-field-medium\"><\/div><div class=\"wpforms-submit-container\" ><input type=\"hidden\" name=\"wpforms[id]\" value=\"2036\"><input type=\"hidden\" name=\"page_title\" value=\"\"><input type=\"hidden\" name=\"page_url\" value=\"https:\/\/www.toldoscondor.com.br\/blog\/wp-json\/wp\/v2\/posts\/2746\"><input type=\"hidden\" name=\"url_referer\" value=\"\"><button type=\"submit\" name=\"wpforms[submit]\" id=\"wpforms-submit-2036\" class=\"wpforms-submit\" data-alt-text=\"Enviando\" data-submit-text=\"Enviar\" aria-live=\"assertive\" value=\"wpforms-submit\">Enviar<\/button><\/div><\/form><\/div>  <!-- .wpforms-container --><\/p>\n<hr \/>\n<h4 style=\"text-align: center;\">Gostou do post?<\/h4>\n<h4 style=\"text-align: center;\">N\u00e3o esque\u00e7a de compartilhar!<\/h4>\n<p style=\"text-align: center;\">[addthis tool=&#8221;addthis_inline_share_toolbox_above&#8221;]<\/p>\n<p>Confira outras obras deste modelo em nosso site:<\/p>\n<p><a href=\"http:\/\/toldoscondor.com.br\/toldo-articulado.html\">http:\/\/toldoscondor.com.br\/toldo-articulado.html<\/a><\/p>\n<p>Tem as medidas? Fa\u00e7a seu or\u00e7amento agora mesmo usando um de nossos canais de atendimento que funcionam de segunda a sexta-feira das 9:00 \u00e0s 17:30.<\/p>\n<p>Atendimento por Telefone, E-mail e WhatsApp<\/p>\n<p>(11) 2041-0162<br \/>\n<a href=\"mailto:atendimento@toldoscondor.com.br\">atendimento@toldoscondor.com.br<\/a><br \/>\n<a href=\"https:\/\/www.toldoscondor.com.br\/whatsapp.html\">https:\/\/www.toldoscondor.com.br\/whatsapp.html<\/a><\/p>\n<p>Conhe\u00e7a nosso canal no youtube!<br \/>\n<a href=\"http:\/\/www.youtube.com\/toldoscondor\">www.youtube.com\/toldoscondor<\/a><\/p>\n<p>Toldos Condor<br \/>\nDesde 1995 cobrindo o Brasil!<\/p>\n","protected":false},"excerpt":{"rendered":"<p>Um toldo articulado basic motorizado com lona acr\u00edlica \u00e9 uma solu\u00e7\u00e3o vers\u00e1til e funcional para proteger \u00e1reas externas de resid\u00eancias, estabelecimentos comerciais e espa\u00e7os p\u00fablicos. Com seu design flex\u00edvel e ajust\u00e1vel, ele oferece uma cobertura eficiente contra os elementos, combinada com um visual atraente. A lona acr\u00edlica utilizada nesses toldos [&hellip;]<\/p>\n","protected":false},"author":2,"featured_media":2748,"comment_status":"closed","ping_status":"open","sticky":false,"template":"","format":"standard","meta":{"_jetpack_memberships_contains_paid_content":false,"_joinchat":[],"footnotes":""},"categories":[2],"tags":[495,127,1005,32,936,935,898,934,413,964,894,987,775,9,63,5,68],"class_list":["post-2746","post","type-post","status-publish","format-standard","has-post-thumbnail","hentry","category-toldo-articulado-nacional","tag-chuva","tag-cobertura","tag-comercio","tag-condor-toldos","tag-decoracao","tag-design","tag-homedecor","tag-jardim","tag-lona","tag-pub","tag-sol","tag-sombra","tag-toldo-abre-e-fecha","tag-toldo-articulado","tag-toldo-motorizado","tag-toldo-retratil","tag-toldos-sp"],"yoast_head":"<!-- This site is optimized with the Yoast SEO plugin v26.2 - https:\/\/yoast.com\/wordpress\/plugins\/seo\/ -->\n<title>Toldo Articulado Basic Motorizado instalado no Morumbi - SP -<\/title>\n<meta name=\"description\" content=\"O toldo articulado basic motorizado com pe\u00e7as 100% nacionais, prote\u00e7\u00e3o UV e reten\u00e7\u00e3o de calor para maior comodidade de sua fam\u00edlia de amigos!\" \/>\n<meta name=\"robots\" content=\"index, follow, max-snippet:-1, max-image-preview:large, max-video-preview:-1\" \/>\n<link rel=\"canonical\" href=\"https:\/\/www.toldoscondor.com.br\/blog\/2023\/06\/23\/toldo-articulado-basic-motorizado-instalado-no-morumbi-sp\/\" \/>\n<meta property=\"og:locale\" content=\"pt_BR\" \/>\n<meta property=\"og:type\" content=\"article\" \/>\n<meta property=\"og:title\" content=\"Toldo Articulado Basic Motorizado instalado no Morumbi - SP -\" \/>\n<meta property=\"og:description\" content=\"O toldo articulado basic motorizado com pe\u00e7as 100% nacionais, prote\u00e7\u00e3o UV e reten\u00e7\u00e3o de calor para maior comodidade de sua fam\u00edlia de amigos!\" \/>\n<meta property=\"og:url\" content=\"https:\/\/www.toldoscondor.com.br\/blog\/2023\/06\/23\/toldo-articulado-basic-motorizado-instalado-no-morumbi-sp\/\" \/>\n<meta property=\"og:site_name\" content=\"Toldos Condor\" \/>\n<meta property=\"article:publisher\" content=\"https:\/\/www.facebook.com\/CondorToldos\/\" \/>\n<meta property=\"article:published_time\" content=\"2023-06-23T15:17:30+00:00\" \/>\n<meta property=\"og:image\" content=\"https:\/\/www.toldoscondor.com.br\/blog\/wp-content\/uploads\/2023\/06\/artmorumbiautopreto002.jpg\" \/>\n\t<meta property=\"og:image:width\" content=\"500\" \/>\n\t<meta property=\"og:image:height\" content=\"500\" \/>\n\t<meta property=\"og:image:type\" content=\"image\/jpeg\" \/>\n<meta name=\"author\" content=\"Felipe Mattos\" \/>\n<meta name=\"twitter:card\" content=\"summary_large_image\" \/>\n<meta name=\"twitter:label1\" content=\"Escrito por\" \/>\n\t<meta name=\"twitter:data1\" content=\"Felipe Mattos\" \/>\n\t<meta name=\"twitter:label2\" content=\"Est. tempo de leitura\" \/>\n\t<meta name=\"twitter:data2\" content=\"2 minutos\" \/>\n<script type=\"application\/ld+json\" class=\"yoast-schema-graph\">{\"@context\":\"https:\/\/schema.org\",\"@graph\":[{\"@type\":\"Article\",\"@id\":\"https:\/\/www.toldoscondor.com.br\/blog\/2023\/06\/23\/toldo-articulado-basic-motorizado-instalado-no-morumbi-sp\/#article\",\"isPartOf\":{\"@id\":\"https:\/\/www.toldoscondor.com.br\/blog\/2023\/06\/23\/toldo-articulado-basic-motorizado-instalado-no-morumbi-sp\/\"},\"author\":{\"name\":\"Felipe Mattos\",\"@id\":\"http:\/\/www.toldoscondor.com.br\/blog\/#\/schema\/person\/0c8fb7e41cd3690cca5f3a8e16fe233d\"},\"headline\":\"Toldo Articulado Basic Motorizado instalado no Morumbi &#8211; SP\",\"datePublished\":\"2023-06-23T15:17:30+00:00\",\"mainEntityOfPage\":{\"@id\":\"https:\/\/www.toldoscondor.com.br\/blog\/2023\/06\/23\/toldo-articulado-basic-motorizado-instalado-no-morumbi-sp\/\"},\"wordCount\":370,\"publisher\":{\"@id\":\"http:\/\/www.toldoscondor.com.br\/blog\/#organization\"},\"image\":{\"@id\":\"https:\/\/www.toldoscondor.com.br\/blog\/2023\/06\/23\/toldo-articulado-basic-motorizado-instalado-no-morumbi-sp\/#primaryimage\"},\"thumbnailUrl\":\"https:\/\/www.toldoscondor.com.br\/blog\/wp-content\/uploads\/2023\/06\/artmorumbiautopreto002.jpg\",\"keywords\":[\"chuva\",\"cobertura\",\"comercio\",\"condor toldos\",\"decora\u00e7\u00e3o\",\"design\",\"homedecor\",\"jardim\",\"lona\",\"pub\",\"sol\",\"sombra\",\"toldo abre e fecha\",\"toldo articulado\",\"toldo motorizado\",\"toldo retr\u00e1til\",\"toldos SP\"],\"articleSection\":[\"Articulado Nacional\"],\"inLanguage\":\"pt-BR\"},{\"@type\":\"WebPage\",\"@id\":\"https:\/\/www.toldoscondor.com.br\/blog\/2023\/06\/23\/toldo-articulado-basic-motorizado-instalado-no-morumbi-sp\/\",\"url\":\"https:\/\/www.toldoscondor.com.br\/blog\/2023\/06\/23\/toldo-articulado-basic-motorizado-instalado-no-morumbi-sp\/\",\"name\":\"Toldo Articulado Basic Motorizado instalado no Morumbi - SP -\",\"isPartOf\":{\"@id\":\"http:\/\/www.toldoscondor.com.br\/blog\/#website\"},\"primaryImageOfPage\":{\"@id\":\"https:\/\/www.toldoscondor.com.br\/blog\/2023\/06\/23\/toldo-articulado-basic-motorizado-instalado-no-morumbi-sp\/#primaryimage\"},\"image\":{\"@id\":\"https:\/\/www.toldoscondor.com.br\/blog\/2023\/06\/23\/toldo-articulado-basic-motorizado-instalado-no-morumbi-sp\/#primaryimage\"},\"thumbnailUrl\":\"https:\/\/www.toldoscondor.com.br\/blog\/wp-content\/uploads\/2023\/06\/artmorumbiautopreto002.jpg\",\"datePublished\":\"2023-06-23T15:17:30+00:00\",\"description\":\"O toldo articulado basic motorizado com pe\u00e7as 100% nacionais, prote\u00e7\u00e3o UV e reten\u00e7\u00e3o de calor para maior comodidade de sua fam\u00edlia de amigos!\",\"breadcrumb\":{\"@id\":\"https:\/\/www.toldoscondor.com.br\/blog\/2023\/06\/23\/toldo-articulado-basic-motorizado-instalado-no-morumbi-sp\/#breadcrumb\"},\"inLanguage\":\"pt-BR\",\"potentialAction\":[{\"@type\":\"ReadAction\",\"target\":[\"https:\/\/www.toldoscondor.com.br\/blog\/2023\/06\/23\/toldo-articulado-basic-motorizado-instalado-no-morumbi-sp\/\"]}]},{\"@type\":\"ImageObject\",\"inLanguage\":\"pt-BR\",\"@id\":\"https:\/\/www.toldoscondor.com.br\/blog\/2023\/06\/23\/toldo-articulado-basic-motorizado-instalado-no-morumbi-sp\/#primaryimage\",\"url\":\"https:\/\/www.toldoscondor.com.br\/blog\/wp-content\/uploads\/2023\/06\/artmorumbiautopreto002.jpg\",\"contentUrl\":\"https:\/\/www.toldoscondor.com.br\/blog\/wp-content\/uploads\/2023\/06\/artmorumbiautopreto002.jpg\",\"width\":500,\"height\":500,\"caption\":\"toldo-articulado-basic-motorizado-estruturas\"},{\"@type\":\"BreadcrumbList\",\"@id\":\"https:\/\/www.toldoscondor.com.br\/blog\/2023\/06\/23\/toldo-articulado-basic-motorizado-instalado-no-morumbi-sp\/#breadcrumb\",\"itemListElement\":[{\"@type\":\"ListItem\",\"position\":1,\"name\":\"In\u00edcio\",\"item\":\"http:\/\/www.toldoscondor.com.br\/blog\/\"},{\"@type\":\"ListItem\",\"position\":2,\"name\":\"Toldo Articulado Basic Motorizado instalado no Morumbi &#8211; SP\"}]},{\"@type\":\"WebSite\",\"@id\":\"http:\/\/www.toldoscondor.com.br\/blog\/#website\",\"url\":\"http:\/\/www.toldoscondor.com.br\/blog\/\",\"name\":\"Toldos Condor\",\"description\":\"Neste blog voc\u00ea encontra alguns dos servi\u00e7os feitos por n\u00f3s da Toldos Condor.\",\"publisher\":{\"@id\":\"http:\/\/www.toldoscondor.com.br\/blog\/#organization\"},\"potentialAction\":[{\"@type\":\"SearchAction\",\"target\":{\"@type\":\"EntryPoint\",\"urlTemplate\":\"http:\/\/www.toldoscondor.com.br\/blog\/?s={search_term_string}\"},\"query-input\":{\"@type\":\"PropertyValueSpecification\",\"valueRequired\":true,\"valueName\":\"search_term_string\"}}],\"inLanguage\":\"pt-BR\"},{\"@type\":\"Organization\",\"@id\":\"http:\/\/www.toldoscondor.com.br\/blog\/#organization\",\"name\":\"Toldos Condor\",\"url\":\"http:\/\/www.toldoscondor.com.br\/blog\/\",\"logo\":{\"@type\":\"ImageObject\",\"inLanguage\":\"pt-BR\",\"@id\":\"http:\/\/www.toldoscondor.com.br\/blog\/#\/schema\/logo\/image\/\",\"url\":\"http:\/\/www.toldoscondor.com.br\/blog\/wp-content\/uploads\/2016\/04\/Logo.png\",\"contentUrl\":\"http:\/\/www.toldoscondor.com.br\/blog\/wp-content\/uploads\/2016\/04\/Logo.png\",\"width\":2167,\"height\":623,\"caption\":\"Toldos Condor\"},\"image\":{\"@id\":\"http:\/\/www.toldoscondor.com.br\/blog\/#\/schema\/logo\/image\/\"},\"sameAs\":[\"https:\/\/www.facebook.com\/CondorToldos\/\",\"http:\/\/br.pinterest.com\/toldoscondor\/\",\"https:\/\/www.youtube.com\/channel\/UCNFWz-w4fuyU1GwrseoXb8A\"]},{\"@type\":\"Person\",\"@id\":\"http:\/\/www.toldoscondor.com.br\/blog\/#\/schema\/person\/0c8fb7e41cd3690cca5f3a8e16fe233d\",\"name\":\"Felipe Mattos\",\"image\":{\"@type\":\"ImageObject\",\"inLanguage\":\"pt-BR\",\"@id\":\"http:\/\/www.toldoscondor.com.br\/blog\/#\/schema\/person\/image\/\",\"url\":\"https:\/\/secure.gravatar.com\/avatar\/36cdb02f2cb88681957b843c0492f6be6cac6fd1355f675278fcfbaba71a870c?s=96&d=mm&r=g\",\"contentUrl\":\"https:\/\/secure.gravatar.com\/avatar\/36cdb02f2cb88681957b843c0492f6be6cac6fd1355f675278fcfbaba71a870c?s=96&d=mm&r=g\",\"caption\":\"Felipe Mattos\"},\"sameAs\":[\"http:\/\/www.toldoscondor.com.br\"],\"url\":\"https:\/\/www.toldoscondor.com.br\/blog\/author\/felipe\/\"}]}<\/script>\n<!-- \/ Yoast SEO plugin. -->","yoast_head_json":{"title":"Toldo Articulado Basic Motorizado instalado no Morumbi - SP -","description":"O toldo articulado basic motorizado com pe\u00e7as 100% nacionais, prote\u00e7\u00e3o UV e reten\u00e7\u00e3o de calor para maior comodidade de sua fam\u00edlia de amigos!","robots":{"index":"index","follow":"follow","max-snippet":"max-snippet:-1","max-image-preview":"max-image-preview:large","max-video-preview":"max-video-preview:-1"},"canonical":"https:\/\/www.toldoscondor.com.br\/blog\/2023\/06\/23\/toldo-articulado-basic-motorizado-instalado-no-morumbi-sp\/","og_locale":"pt_BR","og_type":"article","og_title":"Toldo Articulado Basic Motorizado instalado no Morumbi - SP -","og_description":"O toldo articulado basic motorizado com pe\u00e7as 100% nacionais, prote\u00e7\u00e3o UV e reten\u00e7\u00e3o de calor para maior comodidade de sua fam\u00edlia de amigos!","og_url":"https:\/\/www.toldoscondor.com.br\/blog\/2023\/06\/23\/toldo-articulado-basic-motorizado-instalado-no-morumbi-sp\/","og_site_name":"Toldos Condor","article_publisher":"https:\/\/www.facebook.com\/CondorToldos\/","article_published_time":"2023-06-23T15:17:30+00:00","og_image":[{"width":500,"height":500,"url":"https:\/\/www.toldoscondor.com.br\/blog\/wp-content\/uploads\/2023\/06\/artmorumbiautopreto002.jpg","type":"image\/jpeg"}],"author":"Felipe Mattos","twitter_card":"summary_large_image","twitter_misc":{"Escrito por":"Felipe Mattos","Est. tempo de leitura":"2 minutos"},"schema":{"@context":"https:\/\/schema.org","@graph":[{"@type":"Article","@id":"https:\/\/www.toldoscondor.com.br\/blog\/2023\/06\/23\/toldo-articulado-basic-motorizado-instalado-no-morumbi-sp\/#article","isPartOf":{"@id":"https:\/\/www.toldoscondor.com.br\/blog\/2023\/06\/23\/toldo-articulado-basic-motorizado-instalado-no-morumbi-sp\/"},"author":{"name":"Felipe Mattos","@id":"http:\/\/www.toldoscondor.com.br\/blog\/#\/schema\/person\/0c8fb7e41cd3690cca5f3a8e16fe233d"},"headline":"Toldo Articulado Basic Motorizado instalado no Morumbi &#8211; SP","datePublished":"2023-06-23T15:17:30+00:00","mainEntityOfPage":{"@id":"https:\/\/www.toldoscondor.com.br\/blog\/2023\/06\/23\/toldo-articulado-basic-motorizado-instalado-no-morumbi-sp\/"},"wordCount":370,"publisher":{"@id":"http:\/\/www.toldoscondor.com.br\/blog\/#organization"},"image":{"@id":"https:\/\/www.toldoscondor.com.br\/blog\/2023\/06\/23\/toldo-articulado-basic-motorizado-instalado-no-morumbi-sp\/#primaryimage"},"thumbnailUrl":"https:\/\/www.toldoscondor.com.br\/blog\/wp-content\/uploads\/2023\/06\/artmorumbiautopreto002.jpg","keywords":["chuva","cobertura","comercio","condor toldos","decora\u00e7\u00e3o","design","homedecor","jardim","lona","pub","sol","sombra","toldo abre e fecha","toldo articulado","toldo motorizado","toldo retr\u00e1til","toldos SP"],"articleSection":["Articulado Nacional"],"inLanguage":"pt-BR"},{"@type":"WebPage","@id":"https:\/\/www.toldoscondor.com.br\/blog\/2023\/06\/23\/toldo-articulado-basic-motorizado-instalado-no-morumbi-sp\/","url":"https:\/\/www.toldoscondor.com.br\/blog\/2023\/06\/23\/toldo-articulado-basic-motorizado-instalado-no-morumbi-sp\/","name":"Toldo Articulado Basic Motorizado instalado no Morumbi - SP -","isPartOf":{"@id":"http:\/\/www.toldoscondor.com.br\/blog\/#website"},"primaryImageOfPage":{"@id":"https:\/\/www.toldoscondor.com.br\/blog\/2023\/06\/23\/toldo-articulado-basic-motorizado-instalado-no-morumbi-sp\/#primaryimage"},"image":{"@id":"https:\/\/www.toldoscondor.com.br\/blog\/2023\/06\/23\/toldo-articulado-basic-motorizado-instalado-no-morumbi-sp\/#primaryimage"},"thumbnailUrl":"https:\/\/www.toldoscondor.com.br\/blog\/wp-content\/uploads\/2023\/06\/artmorumbiautopreto002.jpg","datePublished":"2023-06-23T15:17:30+00:00","description":"O toldo articulado basic motorizado com pe\u00e7as 100% nacionais, prote\u00e7\u00e3o UV e reten\u00e7\u00e3o de calor para maior comodidade de sua fam\u00edlia de amigos!","breadcrumb":{"@id":"https:\/\/www.toldoscondor.com.br\/blog\/2023\/06\/23\/toldo-articulado-basic-motorizado-instalado-no-morumbi-sp\/#breadcrumb"},"inLanguage":"pt-BR","potentialAction":[{"@type":"ReadAction","target":["https:\/\/www.toldoscondor.com.br\/blog\/2023\/06\/23\/toldo-articulado-basic-motorizado-instalado-no-morumbi-sp\/"]}]},{"@type":"ImageObject","inLanguage":"pt-BR","@id":"https:\/\/www.toldoscondor.com.br\/blog\/2023\/06\/23\/toldo-articulado-basic-motorizado-instalado-no-morumbi-sp\/#primaryimage","url":"https:\/\/www.toldoscondor.com.br\/blog\/wp-content\/uploads\/2023\/06\/artmorumbiautopreto002.jpg","contentUrl":"https:\/\/www.toldoscondor.com.br\/blog\/wp-content\/uploads\/2023\/06\/artmorumbiautopreto002.jpg","width":500,"height":500,"caption":"toldo-articulado-basic-motorizado-estruturas"},{"@type":"BreadcrumbList","@id":"https:\/\/www.toldoscondor.com.br\/blog\/2023\/06\/23\/toldo-articulado-basic-motorizado-instalado-no-morumbi-sp\/#breadcrumb","itemListElement":[{"@type":"ListItem","position":1,"name":"In\u00edcio","item":"http:\/\/www.toldoscondor.com.br\/blog\/"},{"@type":"ListItem","position":2,"name":"Toldo Articulado Basic Motorizado instalado no Morumbi &#8211; SP"}]},{"@type":"WebSite","@id":"http:\/\/www.toldoscondor.com.br\/blog\/#website","url":"http:\/\/www.toldoscondor.com.br\/blog\/","name":"Toldos Condor","description":"Neste blog voc\u00ea encontra alguns dos servi\u00e7os feitos por n\u00f3s da Toldos Condor.","publisher":{"@id":"http:\/\/www.toldoscondor.com.br\/blog\/#organization"},"potentialAction":[{"@type":"SearchAction","target":{"@type":"EntryPoint","urlTemplate":"http:\/\/www.toldoscondor.com.br\/blog\/?s={search_term_string}"},"query-input":{"@type":"PropertyValueSpecification","valueRequired":true,"valueName":"search_term_string"}}],"inLanguage":"pt-BR"},{"@type":"Organization","@id":"http:\/\/www.toldoscondor.com.br\/blog\/#organization","name":"Toldos Condor","url":"http:\/\/www.toldoscondor.com.br\/blog\/","logo":{"@type":"ImageObject","inLanguage":"pt-BR","@id":"http:\/\/www.toldoscondor.com.br\/blog\/#\/schema\/logo\/image\/","url":"http:\/\/www.toldoscondor.com.br\/blog\/wp-content\/uploads\/2016\/04\/Logo.png","contentUrl":"http:\/\/www.toldoscondor.com.br\/blog\/wp-content\/uploads\/2016\/04\/Logo.png","width":2167,"height":623,"caption":"Toldos Condor"},"image":{"@id":"http:\/\/www.toldoscondor.com.br\/blog\/#\/schema\/logo\/image\/"},"sameAs":["https:\/\/www.facebook.com\/CondorToldos\/","http:\/\/br.pinterest.com\/toldoscondor\/","https:\/\/www.youtube.com\/channel\/UCNFWz-w4fuyU1GwrseoXb8A"]},{"@type":"Person","@id":"http:\/\/www.toldoscondor.com.br\/blog\/#\/schema\/person\/0c8fb7e41cd3690cca5f3a8e16fe233d","name":"Felipe Mattos","image":{"@type":"ImageObject","inLanguage":"pt-BR","@id":"http:\/\/www.toldoscondor.com.br\/blog\/#\/schema\/person\/image\/","url":"https:\/\/secure.gravatar.com\/avatar\/36cdb02f2cb88681957b843c0492f6be6cac6fd1355f675278fcfbaba71a870c?s=96&d=mm&r=g","contentUrl":"https:\/\/secure.gravatar.com\/avatar\/36cdb02f2cb88681957b843c0492f6be6cac6fd1355f675278fcfbaba71a870c?s=96&d=mm&r=g","caption":"Felipe Mattos"},"sameAs":["http:\/\/www.toldoscondor.com.br"],"url":"https:\/\/www.toldoscondor.com.br\/blog\/author\/felipe\/"}]}},"jetpack_featured_media_url":"https:\/\/www.toldoscondor.com.br\/blog\/wp-content\/uploads\/2023\/06\/artmorumbiautopreto002.jpg","jetpack_sharing_enabled":true,"_links":{"self":[{"href":"https:\/\/www.toldoscondor.com.br\/blog\/wp-json\/wp\/v2\/posts\/2746","targetHints":{"allow":["GET"]}}],"collection":[{"href":"https:\/\/www.toldoscondor.com.br\/blog\/wp-json\/wp\/v2\/posts"}],"about":[{"href":"https:\/\/www.toldoscondor.com.br\/blog\/wp-json\/wp\/v2\/types\/post"}],"author":[{"embeddable":true,"href":"https:\/\/www.toldoscondor.com.br\/blog\/wp-json\/wp\/v2\/users\/2"}],"replies":[{"embeddable":true,"href":"https:\/\/www.toldoscondor.com.br\/blog\/wp-json\/wp\/v2\/comments?post=2746"}],"version-history":[{"count":2,"href":"https:\/\/www.toldoscondor.com.br\/blog\/wp-json\/wp\/v2\/posts\/2746\/revisions"}],"predecessor-version":[{"id":2815,"href":"https:\/\/www.toldoscondor.com.br\/blog\/wp-json\/wp\/v2\/posts\/2746\/revisions\/2815"}],"wp:featuredmedia":[{"embeddable":true,"href":"https:\/\/www.toldoscondor.com.br\/blog\/wp-json\/wp\/v2\/media\/2748"}],"wp:attachment":[{"href":"https:\/\/www.toldoscondor.com.br\/blog\/wp-json\/wp\/v2\/media?parent=2746"}],"wp:term":[{"taxonomy":"category","embeddable":true,"href":"https:\/\/www.toldoscondor.com.br\/blog\/wp-json\/wp\/v2\/categories?post=2746"},{"taxonomy":"post_tag","embeddable":true,"href":"https:\/\/www.toldoscondor.com.br\/blog\/wp-json\/wp\/v2\/tags?post=2746"}],"curies":[{"name":"wp","href":"https:\/\/api.w.org\/{rel}","templated":true}]}}