{"id":2149,"date":"2019-03-19T20:36:29","date_gmt":"2019-03-19T20:36:29","guid":{"rendered":"http:\/\/www.toldoscondor.com.br\/blog\/?p=2149"},"modified":"2019-03-19T20:36:29","modified_gmt":"2019-03-19T20:36:29","slug":"toldo-articulado-premium-residencial-alphaville-conde-ii","status":"publish","type":"post","link":"https:\/\/www.toldoscondor.com.br\/blog\/2019\/03\/19\/toldo-articulado-premium-residencial-alphaville-conde-ii\/","title":{"rendered":"Toldo Articulado Premium Residencial Alphaville Conde II"},"content":{"rendered":"<p>Instalados para proteger a \u00e1rea gourmet de uma casa no residencial <strong>Alphaville Conde II<\/strong>\u00a0os <strong>Toldos Articulados Premium<\/strong> foram a melhor escolha para o local, isso porque toda a fixa\u00e7\u00e3o do <strong>toldo<\/strong> \u00e9 feita na parte superior deixando assim um amplo espa\u00e7o protegido e sem nenhuma estrutura que atrapalhe na circula\u00e7\u00e3o, foi perfeito para o local que possui uma piscina que teve sua parte mais rasa protegida.<\/p>\n<p>Para fechamento lateral foi sugerido um <strong>toldo cortina<\/strong> nacional com visor 100% transparente e com prote\u00e7\u00e3o UV para raio solares, deixando assim o ambiente protegido e sem tirar sua luminosidade.<\/p>\n<p>Al\u00e9m disso todos os <strong>toldos<\/strong> instalados na resid\u00eancia possuem uma <strong>lona<\/strong> feita de algod\u00e3o que tem a caracter\u00edstica \u00fanica de bloquear o calor, como resultado todo o ambiente protegido fica muito mais fresco.<\/p>\n<p>Nossa linha de <strong>Toldos Premium<\/strong> \u00e9 perfeita para quem busca beleza e sofistica\u00e7\u00e3o, importados da Espanha e fabricados sobre medida para sua casa eles fornecem toda a prote\u00e7\u00e3o contra sol e chuva que voc\u00ea e sua fam\u00edlia precisam.<\/p>\n<h2 style=\"text-align: left;\">Confira fotos dos nossos <strong>toldos<\/strong> instalados no <strong>residencial Alphaville Conde II<\/strong>.<\/h2>\n\n\t\t<style type=\"text\/css\">\n\t\t\t#gallery-1 {\n\t\t\t\tmargin: auto;\n\t\t\t}\n\t\t\t#gallery-1 .gallery-item {\n\t\t\t\tfloat: left;\n\t\t\t\tmargin-top: 10px;\n\t\t\t\ttext-align: center;\n\t\t\t\twidth: 33%;\n\t\t\t}\n\t\t\t#gallery-1 img {\n\t\t\t\tborder: 2px solid #cfcfcf;\n\t\t\t}\n\t\t\t#gallery-1 .gallery-caption {\n\t\t\t\tmargin-left: 0;\n\t\t\t}\n\t\t\t\/* see gallery_shortcode() in wp-includes\/media.php *\/\n\t\t<\/style>\n\t\t<div id='gallery-1' class='gallery galleryid-2149 gallery-columns-3 gallery-size-thumbnail'><dl class='gallery-item'>\n\t\t\t<dt class='gallery-icon landscape'>\n\t\t\t\t<a href='https:\/\/www.toldoscondor.com.br\/blog\/2019\/03\/19\/toldo-articulado-premium-residencial-alphaville-conde-ii\/toldo-articulado-premium-033\/'><img loading=\"lazy\" decoding=\"async\" width=\"150\" height=\"150\" src=\"https:\/\/www.toldoscondor.com.br\/blog\/wp-content\/uploads\/2019\/03\/toldo-articulado-premium-033-150x150.jpg\" class=\"attachment-thumbnail size-thumbnail\" alt=\"toldo articulado premium alphaville conde 2\" \/><\/a>\n\t\t\t<\/dt><\/dl><dl class='gallery-item'>\n\t\t\t<dt class='gallery-icon landscape'>\n\t\t\t\t<a href='https:\/\/www.toldoscondor.com.br\/blog\/2019\/03\/19\/toldo-articulado-premium-residencial-alphaville-conde-ii\/toldo-articulado-premium-032\/'><img loading=\"lazy\" decoding=\"async\" width=\"150\" height=\"150\" src=\"https:\/\/www.toldoscondor.com.br\/blog\/wp-content\/uploads\/2019\/03\/toldo-articulado-premium-032-150x150.jpg\" class=\"attachment-thumbnail size-thumbnail\" alt=\"toldo articulado premium alphaville conde 2\" \/><\/a>\n\t\t\t<\/dt><\/dl><dl class='gallery-item'>\n\t\t\t<dt class='gallery-icon landscape'>\n\t\t\t\t<a href='https:\/\/www.toldoscondor.com.br\/blog\/2019\/03\/19\/toldo-articulado-premium-residencial-alphaville-conde-ii\/toldo-articulado-premium-031\/'><img loading=\"lazy\" decoding=\"async\" width=\"150\" height=\"150\" src=\"https:\/\/www.toldoscondor.com.br\/blog\/wp-content\/uploads\/2019\/03\/toldo-articulado-premium-031-150x150.jpg\" class=\"attachment-thumbnail size-thumbnail\" alt=\"toldo articulado premium alphaville conde 2\" \/><\/a>\n\t\t\t<\/dt><\/dl><br style=\"clear: both\" \/><dl class='gallery-item'>\n\t\t\t<dt class='gallery-icon landscape'>\n\t\t\t\t<a href='https:\/\/www.toldoscondor.com.br\/blog\/2019\/03\/19\/toldo-articulado-premium-residencial-alphaville-conde-ii\/toldo-articulado-premium-030\/'><img loading=\"lazy\" decoding=\"async\" width=\"150\" height=\"150\" src=\"https:\/\/www.toldoscondor.com.br\/blog\/wp-content\/uploads\/2019\/03\/toldo-articulado-premium-030-150x150.jpg\" class=\"attachment-thumbnail size-thumbnail\" alt=\"toldo articulado premium alphaville conde 2\" \/><\/a>\n\t\t\t<\/dt><\/dl>\n\t\t\t<br style='clear: both' \/>\n\t\t<\/div>\n\n<hr \/>\n<h3 style=\"text-align: center;\">Precisa proteger sua casa do sol e a chuva?<br \/>\nTemos o toldo certo para voc\u00ea!<\/h3>\n<p style=\"text-align: center;\">Preencha o fomul\u00e1rio abaixo e logo entraremos em contato!<\/p>\n<p style=\"text-align: center;\"><div class=\"wpforms-container wpforms-container-full\" id=\"wpforms-2036\"><form id=\"wpforms-form-2036\" class=\"wpforms-validate wpforms-form\" data-formid=\"2036\" method=\"post\" enctype=\"multipart\/form-data\" action=\"\/blog\/wp-json\/wp\/v2\/posts\/2149\" data-token=\"ce9cc997f02210cedae01facfe4abbdd\" data-token-time=\"1777664775\"><noscript class=\"wpforms-error-noscript\">Ative o JavaScript no seu navegador para preencher este formul\u00e1rio.<\/noscript><div class=\"wpforms-field-container\"><div id=\"wpforms-2036-field_1-container\" class=\"wpforms-field wpforms-field-name\" data-field-id=\"1\"><label class=\"wpforms-field-label\" for=\"wpforms-2036-field_1\">Seu nome <span class=\"wpforms-required-label\">*<\/span><\/label><input type=\"text\" id=\"wpforms-2036-field_1\" class=\"wpforms-field-large wpforms-field-required\" name=\"wpforms[fields][1]\" placeholder=\"Seu nome\" required><\/div><div id=\"wpforms-2036-field_6-container\" class=\"wpforms-field wpforms-field-email\" data-field-id=\"6\"><label class=\"wpforms-field-label\" for=\"wpforms-2036-field_6\">E-mail <span class=\"wpforms-required-label\">*<\/span><\/label><input type=\"email\" id=\"wpforms-2036-field_6\" class=\"wpforms-field-large wpforms-field-required\" name=\"wpforms[fields][6]\" placeholder=\"seuemail@email.com.br\" spellcheck=\"false\" required><\/div><div id=\"wpforms-2036-field_9-container\" class=\"wpforms-field wpforms-field-text\" data-field-id=\"9\"><label class=\"wpforms-field-label\" for=\"wpforms-2036-field_9\">Telefone <span class=\"wpforms-required-label\">*<\/span><\/label><input type=\"text\" id=\"wpforms-2036-field_9\" class=\"wpforms-field-large wpforms-field-required\" name=\"wpforms[fields][9]\" placeholder=\"(00) 00000-0000\" required><\/div><div id=\"wpforms-2036-field_4-container\" class=\"wpforms-field wpforms-field-textarea\" data-field-id=\"4\"><label class=\"wpforms-field-label\" for=\"wpforms-2036-field_4\">Mensagem <span class=\"wpforms-required-label\">*<\/span><\/label><textarea id=\"wpforms-2036-field_4\" class=\"wpforms-field-small wpforms-field-required\" name=\"wpforms[fields][4]\" placeholder=\"Escreva aqui sua mensagem\" required><\/textarea><\/div><div id=\"wpforms-2036-field_8-container\" class=\"wpforms-field wpforms-field-checkbox wpforms-list-inline\" data-field-id=\"8\"><label class=\"wpforms-field-label\">Deseja receber o or\u00e7amento por WhatsApp? <span class=\"wpforms-required-label\">*<\/span><\/label><ul id=\"wpforms-2036-field_8\" class=\"wpforms-field-required\"><li class=\"choice-3 depth-1\"><input type=\"checkbox\" id=\"wpforms-2036-field_8_3\" name=\"wpforms[fields][8][]\" value=\"Sim\" required ><label class=\"wpforms-field-label-inline\" for=\"wpforms-2036-field_8_3\">Sim<\/label><\/li><li class=\"choice-4 depth-1\"><input type=\"checkbox\" id=\"wpforms-2036-field_8_4\" name=\"wpforms[fields][8][]\" value=\"N\u00e3o\" required ><label class=\"wpforms-field-label-inline\" for=\"wpforms-2036-field_8_4\">N\u00e3o<\/label><\/li><\/ul><div class=\"wpforms-field-description\">Nossos numero fixos tamb\u00e9m s\u00e3o WhatsApp!\r\n (11) 2041-0162 \/ (11) 2359-3405<\/div><\/div><\/div><!-- .wpforms-field-container --><div class=\"wpforms-field wpforms-field-hp\"><label for=\"wpforms-2036-field-hp\" class=\"wpforms-field-label\">Name<\/label><input type=\"text\" name=\"wpforms[hp]\" id=\"wpforms-2036-field-hp\" class=\"wpforms-field-medium\"><\/div><div class=\"wpforms-submit-container\" ><input type=\"hidden\" name=\"wpforms[id]\" value=\"2036\"><input type=\"hidden\" name=\"page_title\" value=\"\"><input type=\"hidden\" name=\"page_url\" value=\"https:\/\/www.toldoscondor.com.br\/blog\/wp-json\/wp\/v2\/posts\/2149\"><input type=\"hidden\" name=\"url_referer\" value=\"\"><button type=\"submit\" name=\"wpforms[submit]\" id=\"wpforms-submit-2036\" class=\"wpforms-submit\" data-alt-text=\"Enviando\" data-submit-text=\"Enviar\" aria-live=\"assertive\" value=\"wpforms-submit\">Enviar<\/button><\/div><\/form><\/div>  <!-- .wpforms-container --><\/p>\n<hr \/>\n<p>Detalhes deste modelo em nosso site:<\/p>\n<p><a href=\"https:\/\/www.toldoscondor.com.br\/toldo-articulado-premium.html\">https:\/\/www.toldoscondor.com.br\/toldo-articulado-premium.html<\/a><\/p>\n<p>Tem as medidas? Fa\u00e7a seu or\u00e7amento agora mesmo usando um de nossos canais de atendimento que funcionam de segunda a sexta-feira das 9:00 \u00e0s 17:30.<\/p>\n<p>Atendimento por Telefone e E-mail<br \/>\n(11) 2359-3405 \/ (11) 2041-0162<br \/>\n<a href=\"mailto:atendimento@toldoscondor.com.br\">atendimento@toldoscondor.com.br<\/a><\/p>\n<p>Conhe\u00e7a nosso canal no youtube!<br \/>\n<a href=\"https:\/\/www.youtube.com\/user\/vbfurtado\/featured\">www.youtube.com\/toldoscondor<\/a><\/p>\n<h5><strong>Toldos Condor<\/strong><br \/>\n24 anos cobrindo o Brasil!<\/h5>\n","protected":false},"excerpt":{"rendered":"<p>Instalados para proteger a \u00e1rea gourmet de uma casa no residencial Alphaville Conde II\u00a0os Toldos Articulados Premium foram a melhor escolha para o local, isso porque toda a fixa\u00e7\u00e3o do toldo \u00e9 feita na parte superior deixando assim um amplo espa\u00e7o protegido e sem nenhuma estrutura que atrapalhe na circula\u00e7\u00e3o, [&hellip;]<\/p>\n","protected":false},"author":1,"featured_media":2152,"comment_status":"closed","ping_status":"open","sticky":false,"template":"","format":"standard","meta":{"_jetpack_memberships_contains_paid_content":false,"_joinchat":[],"footnotes":""},"categories":[43],"tags":[834,4,831,60,508,39,260,96,829,833,832,830,3,31],"class_list":["post-2149","post","type-post","status-publish","format-standard","has-post-thumbnail","hentry","category-toldo-articulado-premium","tag-lona-para-toldo-em-algodao","tag-toldo","tag-toldo-alphaville-conde","tag-toldo-articulado-alphaville","tag-toldo-articulado-condor-premium","tag-toldo-articulado-importado","tag-toldo-articulado-premium","tag-toldo-em-alphaville","tag-toldo-importado-condor","tag-toldo-lona-de-algodao","tag-toldo-para-sol-condor","tag-toldo-residencial-alphaville","tag-toldos","tag-toldos-condor"],"yoast_head":"<!-- This site is optimized with the Yoast SEO plugin v26.2 - https:\/\/yoast.com\/wordpress\/plugins\/seo\/ -->\n<title>Toldo Articulado Premium Residencial Alphaville Conde II - Toldos Condor<\/title>\n<meta name=\"robots\" content=\"index, follow, max-snippet:-1, max-image-preview:large, max-video-preview:-1\" \/>\n<link rel=\"canonical\" href=\"https:\/\/www.toldoscondor.com.br\/blog\/2019\/03\/19\/toldo-articulado-premium-residencial-alphaville-conde-ii\/\" \/>\n<meta property=\"og:locale\" content=\"pt_BR\" \/>\n<meta property=\"og:type\" content=\"article\" \/>\n<meta property=\"og:title\" content=\"Toldo Articulado Premium Residencial Alphaville Conde II - Toldos Condor\" \/>\n<meta property=\"og:description\" content=\"Instalados para proteger a \u00e1rea gourmet de uma casa no residencial Alphaville Conde II\u00a0os Toldos Articulados Premium foram a melhor escolha para o local, isso porque toda a fixa\u00e7\u00e3o do toldo \u00e9 feita na parte superior deixando assim um amplo espa\u00e7o protegido e sem nenhuma estrutura que atrapalhe na circula\u00e7\u00e3o, [&hellip;]\" \/>\n<meta property=\"og:url\" content=\"https:\/\/www.toldoscondor.com.br\/blog\/2019\/03\/19\/toldo-articulado-premium-residencial-alphaville-conde-ii\/\" \/>\n<meta property=\"og:site_name\" content=\"Toldos Condor\" \/>\n<meta property=\"article:publisher\" content=\"https:\/\/www.facebook.com\/CondorToldos\/\" \/>\n<meta property=\"article:published_time\" content=\"2019-03-19T20:36:29+00:00\" \/>\n<meta property=\"og:image\" content=\"https:\/\/www.toldoscondor.com.br\/blog\/wp-content\/uploads\/2019\/03\/toldo-articulado-premium-031.jpg\" \/>\n\t<meta property=\"og:image:width\" content=\"720\" \/>\n\t<meta property=\"og:image:height\" content=\"540\" \/>\n\t<meta property=\"og:image:type\" content=\"image\/jpeg\" \/>\n<meta name=\"author\" content=\"Toldos Condor\" \/>\n<meta name=\"twitter:card\" content=\"summary_large_image\" \/>\n<meta name=\"twitter:creator\" content=\"@https:\/\/twitter.com\/condortoldos\" \/>\n<meta name=\"twitter:label1\" content=\"Escrito por\" \/>\n\t<meta name=\"twitter:data1\" content=\"Toldos Condor\" \/>\n\t<meta name=\"twitter:label2\" content=\"Est. tempo de leitura\" \/>\n\t<meta name=\"twitter:data2\" content=\"1 minuto\" \/>\n<script type=\"application\/ld+json\" class=\"yoast-schema-graph\">{\"@context\":\"https:\/\/schema.org\",\"@graph\":[{\"@type\":\"Article\",\"@id\":\"https:\/\/www.toldoscondor.com.br\/blog\/2019\/03\/19\/toldo-articulado-premium-residencial-alphaville-conde-ii\/#article\",\"isPartOf\":{\"@id\":\"https:\/\/www.toldoscondor.com.br\/blog\/2019\/03\/19\/toldo-articulado-premium-residencial-alphaville-conde-ii\/\"},\"author\":{\"name\":\"Toldos Condor\",\"@id\":\"http:\/\/www.toldoscondor.com.br\/blog\/#\/schema\/person\/7d6de3140c14a09f32e66f905df353d9\"},\"headline\":\"Toldo Articulado Premium Residencial Alphaville Conde II\",\"datePublished\":\"2019-03-19T20:36:29+00:00\",\"mainEntityOfPage\":{\"@id\":\"https:\/\/www.toldoscondor.com.br\/blog\/2019\/03\/19\/toldo-articulado-premium-residencial-alphaville-conde-ii\/\"},\"wordCount\":292,\"publisher\":{\"@id\":\"http:\/\/www.toldoscondor.com.br\/blog\/#organization\"},\"image\":{\"@id\":\"https:\/\/www.toldoscondor.com.br\/blog\/2019\/03\/19\/toldo-articulado-premium-residencial-alphaville-conde-ii\/#primaryimage\"},\"thumbnailUrl\":\"https:\/\/www.toldoscondor.com.br\/blog\/wp-content\/uploads\/2019\/03\/toldo-articulado-premium-031.jpg\",\"keywords\":[\"lona para toldo em algod\u00e3o\",\"toldo\",\"toldo alphaville conde\",\"toldo articulado Alphaville\",\"toldo articulado condor premium\",\"Toldo articulado importado\",\"toldo articulado premium\",\"toldo em alphaville\",\"toldo importado condor\",\"toldo lona de algod\u00e3o\",\"toldo para sol condor\",\"toldo residencial alphaville\",\"toldos\",\"toldos condor\"],\"articleSection\":[\"Articulado Premium\"],\"inLanguage\":\"pt-BR\"},{\"@type\":\"WebPage\",\"@id\":\"https:\/\/www.toldoscondor.com.br\/blog\/2019\/03\/19\/toldo-articulado-premium-residencial-alphaville-conde-ii\/\",\"url\":\"https:\/\/www.toldoscondor.com.br\/blog\/2019\/03\/19\/toldo-articulado-premium-residencial-alphaville-conde-ii\/\",\"name\":\"Toldo Articulado Premium Residencial Alphaville Conde II - Toldos Condor\",\"isPartOf\":{\"@id\":\"http:\/\/www.toldoscondor.com.br\/blog\/#website\"},\"primaryImageOfPage\":{\"@id\":\"https:\/\/www.toldoscondor.com.br\/blog\/2019\/03\/19\/toldo-articulado-premium-residencial-alphaville-conde-ii\/#primaryimage\"},\"image\":{\"@id\":\"https:\/\/www.toldoscondor.com.br\/blog\/2019\/03\/19\/toldo-articulado-premium-residencial-alphaville-conde-ii\/#primaryimage\"},\"thumbnailUrl\":\"https:\/\/www.toldoscondor.com.br\/blog\/wp-content\/uploads\/2019\/03\/toldo-articulado-premium-031.jpg\",\"datePublished\":\"2019-03-19T20:36:29+00:00\",\"breadcrumb\":{\"@id\":\"https:\/\/www.toldoscondor.com.br\/blog\/2019\/03\/19\/toldo-articulado-premium-residencial-alphaville-conde-ii\/#breadcrumb\"},\"inLanguage\":\"pt-BR\",\"potentialAction\":[{\"@type\":\"ReadAction\",\"target\":[\"https:\/\/www.toldoscondor.com.br\/blog\/2019\/03\/19\/toldo-articulado-premium-residencial-alphaville-conde-ii\/\"]}]},{\"@type\":\"ImageObject\",\"inLanguage\":\"pt-BR\",\"@id\":\"https:\/\/www.toldoscondor.com.br\/blog\/2019\/03\/19\/toldo-articulado-premium-residencial-alphaville-conde-ii\/#primaryimage\",\"url\":\"https:\/\/www.toldoscondor.com.br\/blog\/wp-content\/uploads\/2019\/03\/toldo-articulado-premium-031.jpg\",\"contentUrl\":\"https:\/\/www.toldoscondor.com.br\/blog\/wp-content\/uploads\/2019\/03\/toldo-articulado-premium-031.jpg\",\"width\":720,\"height\":540,\"caption\":\"toldo articulado premium alphaville conde 2\"},{\"@type\":\"BreadcrumbList\",\"@id\":\"https:\/\/www.toldoscondor.com.br\/blog\/2019\/03\/19\/toldo-articulado-premium-residencial-alphaville-conde-ii\/#breadcrumb\",\"itemListElement\":[{\"@type\":\"ListItem\",\"position\":1,\"name\":\"In\u00edcio\",\"item\":\"http:\/\/www.toldoscondor.com.br\/blog\/\"},{\"@type\":\"ListItem\",\"position\":2,\"name\":\"Toldo Articulado Premium Residencial Alphaville Conde II\"}]},{\"@type\":\"WebSite\",\"@id\":\"http:\/\/www.toldoscondor.com.br\/blog\/#website\",\"url\":\"http:\/\/www.toldoscondor.com.br\/blog\/\",\"name\":\"Toldos Condor\",\"description\":\"Neste blog voc\u00ea encontra alguns dos servi\u00e7os feitos por n\u00f3s da Toldos Condor.\",\"publisher\":{\"@id\":\"http:\/\/www.toldoscondor.com.br\/blog\/#organization\"},\"potentialAction\":[{\"@type\":\"SearchAction\",\"target\":{\"@type\":\"EntryPoint\",\"urlTemplate\":\"http:\/\/www.toldoscondor.com.br\/blog\/?s={search_term_string}\"},\"query-input\":{\"@type\":\"PropertyValueSpecification\",\"valueRequired\":true,\"valueName\":\"search_term_string\"}}],\"inLanguage\":\"pt-BR\"},{\"@type\":\"Organization\",\"@id\":\"http:\/\/www.toldoscondor.com.br\/blog\/#organization\",\"name\":\"Toldos Condor\",\"url\":\"http:\/\/www.toldoscondor.com.br\/blog\/\",\"logo\":{\"@type\":\"ImageObject\",\"inLanguage\":\"pt-BR\",\"@id\":\"http:\/\/www.toldoscondor.com.br\/blog\/#\/schema\/logo\/image\/\",\"url\":\"http:\/\/www.toldoscondor.com.br\/blog\/wp-content\/uploads\/2016\/04\/Logo.png\",\"contentUrl\":\"http:\/\/www.toldoscondor.com.br\/blog\/wp-content\/uploads\/2016\/04\/Logo.png\",\"width\":2167,\"height\":623,\"caption\":\"Toldos Condor\"},\"image\":{\"@id\":\"http:\/\/www.toldoscondor.com.br\/blog\/#\/schema\/logo\/image\/\"},\"sameAs\":[\"https:\/\/www.facebook.com\/CondorToldos\/\",\"http:\/\/br.pinterest.com\/toldoscondor\/\",\"https:\/\/www.youtube.com\/channel\/UCNFWz-w4fuyU1GwrseoXb8A\"]},{\"@type\":\"Person\",\"@id\":\"http:\/\/www.toldoscondor.com.br\/blog\/#\/schema\/person\/7d6de3140c14a09f32e66f905df353d9\",\"name\":\"Toldos Condor\",\"image\":{\"@type\":\"ImageObject\",\"inLanguage\":\"pt-BR\",\"@id\":\"http:\/\/www.toldoscondor.com.br\/blog\/#\/schema\/person\/image\/\",\"url\":\"https:\/\/secure.gravatar.com\/avatar\/33fddfeb64ea029bed09860f55ecf2d9b25057d523a5db7cf04585a9aabaaa58?s=96&d=mm&r=g\",\"contentUrl\":\"https:\/\/secure.gravatar.com\/avatar\/33fddfeb64ea029bed09860f55ecf2d9b25057d523a5db7cf04585a9aabaaa58?s=96&d=mm&r=g\",\"caption\":\"Toldos Condor\"},\"description\":\"N\u00f3s da Toldos Condor, somos uma empresa familiar que est\u00e1 no seguimento de toldos e coberturas desde 1995, com qualidade e confian\u00e7a!\",\"sameAs\":[\"http:\/\/www.toldoscondor.com.br\",\"https:\/\/x.com\/https:\/\/twitter.com\/condortoldos\"],\"url\":\"https:\/\/www.toldoscondor.com.br\/blog\/author\/viney\/\"}]}<\/script>\n<!-- \/ Yoast SEO plugin. -->","yoast_head_json":{"title":"Toldo Articulado Premium Residencial Alphaville Conde II - Toldos Condor","robots":{"index":"index","follow":"follow","max-snippet":"max-snippet:-1","max-image-preview":"max-image-preview:large","max-video-preview":"max-video-preview:-1"},"canonical":"https:\/\/www.toldoscondor.com.br\/blog\/2019\/03\/19\/toldo-articulado-premium-residencial-alphaville-conde-ii\/","og_locale":"pt_BR","og_type":"article","og_title":"Toldo Articulado Premium Residencial Alphaville Conde II - Toldos Condor","og_description":"Instalados para proteger a \u00e1rea gourmet de uma casa no residencial Alphaville Conde II\u00a0os Toldos Articulados Premium foram a melhor escolha para o local, isso porque toda a fixa\u00e7\u00e3o do toldo \u00e9 feita na parte superior deixando assim um amplo espa\u00e7o protegido e sem nenhuma estrutura que atrapalhe na circula\u00e7\u00e3o, [&hellip;]","og_url":"https:\/\/www.toldoscondor.com.br\/blog\/2019\/03\/19\/toldo-articulado-premium-residencial-alphaville-conde-ii\/","og_site_name":"Toldos Condor","article_publisher":"https:\/\/www.facebook.com\/CondorToldos\/","article_published_time":"2019-03-19T20:36:29+00:00","og_image":[{"width":720,"height":540,"url":"https:\/\/www.toldoscondor.com.br\/blog\/wp-content\/uploads\/2019\/03\/toldo-articulado-premium-031.jpg","type":"image\/jpeg"}],"author":"Toldos Condor","twitter_card":"summary_large_image","twitter_creator":"@https:\/\/twitter.com\/condortoldos","twitter_misc":{"Escrito por":"Toldos Condor","Est. tempo de leitura":"1 minuto"},"schema":{"@context":"https:\/\/schema.org","@graph":[{"@type":"Article","@id":"https:\/\/www.toldoscondor.com.br\/blog\/2019\/03\/19\/toldo-articulado-premium-residencial-alphaville-conde-ii\/#article","isPartOf":{"@id":"https:\/\/www.toldoscondor.com.br\/blog\/2019\/03\/19\/toldo-articulado-premium-residencial-alphaville-conde-ii\/"},"author":{"name":"Toldos Condor","@id":"http:\/\/www.toldoscondor.com.br\/blog\/#\/schema\/person\/7d6de3140c14a09f32e66f905df353d9"},"headline":"Toldo Articulado Premium Residencial Alphaville Conde II","datePublished":"2019-03-19T20:36:29+00:00","mainEntityOfPage":{"@id":"https:\/\/www.toldoscondor.com.br\/blog\/2019\/03\/19\/toldo-articulado-premium-residencial-alphaville-conde-ii\/"},"wordCount":292,"publisher":{"@id":"http:\/\/www.toldoscondor.com.br\/blog\/#organization"},"image":{"@id":"https:\/\/www.toldoscondor.com.br\/blog\/2019\/03\/19\/toldo-articulado-premium-residencial-alphaville-conde-ii\/#primaryimage"},"thumbnailUrl":"https:\/\/www.toldoscondor.com.br\/blog\/wp-content\/uploads\/2019\/03\/toldo-articulado-premium-031.jpg","keywords":["lona para toldo em algod\u00e3o","toldo","toldo alphaville conde","toldo articulado Alphaville","toldo articulado condor premium","Toldo articulado importado","toldo articulado premium","toldo em alphaville","toldo importado condor","toldo lona de algod\u00e3o","toldo para sol condor","toldo residencial alphaville","toldos","toldos condor"],"articleSection":["Articulado Premium"],"inLanguage":"pt-BR"},{"@type":"WebPage","@id":"https:\/\/www.toldoscondor.com.br\/blog\/2019\/03\/19\/toldo-articulado-premium-residencial-alphaville-conde-ii\/","url":"https:\/\/www.toldoscondor.com.br\/blog\/2019\/03\/19\/toldo-articulado-premium-residencial-alphaville-conde-ii\/","name":"Toldo Articulado Premium Residencial Alphaville Conde II - Toldos Condor","isPartOf":{"@id":"http:\/\/www.toldoscondor.com.br\/blog\/#website"},"primaryImageOfPage":{"@id":"https:\/\/www.toldoscondor.com.br\/blog\/2019\/03\/19\/toldo-articulado-premium-residencial-alphaville-conde-ii\/#primaryimage"},"image":{"@id":"https:\/\/www.toldoscondor.com.br\/blog\/2019\/03\/19\/toldo-articulado-premium-residencial-alphaville-conde-ii\/#primaryimage"},"thumbnailUrl":"https:\/\/www.toldoscondor.com.br\/blog\/wp-content\/uploads\/2019\/03\/toldo-articulado-premium-031.jpg","datePublished":"2019-03-19T20:36:29+00:00","breadcrumb":{"@id":"https:\/\/www.toldoscondor.com.br\/blog\/2019\/03\/19\/toldo-articulado-premium-residencial-alphaville-conde-ii\/#breadcrumb"},"inLanguage":"pt-BR","potentialAction":[{"@type":"ReadAction","target":["https:\/\/www.toldoscondor.com.br\/blog\/2019\/03\/19\/toldo-articulado-premium-residencial-alphaville-conde-ii\/"]}]},{"@type":"ImageObject","inLanguage":"pt-BR","@id":"https:\/\/www.toldoscondor.com.br\/blog\/2019\/03\/19\/toldo-articulado-premium-residencial-alphaville-conde-ii\/#primaryimage","url":"https:\/\/www.toldoscondor.com.br\/blog\/wp-content\/uploads\/2019\/03\/toldo-articulado-premium-031.jpg","contentUrl":"https:\/\/www.toldoscondor.com.br\/blog\/wp-content\/uploads\/2019\/03\/toldo-articulado-premium-031.jpg","width":720,"height":540,"caption":"toldo articulado premium alphaville conde 2"},{"@type":"BreadcrumbList","@id":"https:\/\/www.toldoscondor.com.br\/blog\/2019\/03\/19\/toldo-articulado-premium-residencial-alphaville-conde-ii\/#breadcrumb","itemListElement":[{"@type":"ListItem","position":1,"name":"In\u00edcio","item":"http:\/\/www.toldoscondor.com.br\/blog\/"},{"@type":"ListItem","position":2,"name":"Toldo Articulado Premium Residencial Alphaville Conde II"}]},{"@type":"WebSite","@id":"http:\/\/www.toldoscondor.com.br\/blog\/#website","url":"http:\/\/www.toldoscondor.com.br\/blog\/","name":"Toldos Condor","description":"Neste blog voc\u00ea encontra alguns dos servi\u00e7os feitos por n\u00f3s da Toldos Condor.","publisher":{"@id":"http:\/\/www.toldoscondor.com.br\/blog\/#organization"},"potentialAction":[{"@type":"SearchAction","target":{"@type":"EntryPoint","urlTemplate":"http:\/\/www.toldoscondor.com.br\/blog\/?s={search_term_string}"},"query-input":{"@type":"PropertyValueSpecification","valueRequired":true,"valueName":"search_term_string"}}],"inLanguage":"pt-BR"},{"@type":"Organization","@id":"http:\/\/www.toldoscondor.com.br\/blog\/#organization","name":"Toldos Condor","url":"http:\/\/www.toldoscondor.com.br\/blog\/","logo":{"@type":"ImageObject","inLanguage":"pt-BR","@id":"http:\/\/www.toldoscondor.com.br\/blog\/#\/schema\/logo\/image\/","url":"http:\/\/www.toldoscondor.com.br\/blog\/wp-content\/uploads\/2016\/04\/Logo.png","contentUrl":"http:\/\/www.toldoscondor.com.br\/blog\/wp-content\/uploads\/2016\/04\/Logo.png","width":2167,"height":623,"caption":"Toldos Condor"},"image":{"@id":"http:\/\/www.toldoscondor.com.br\/blog\/#\/schema\/logo\/image\/"},"sameAs":["https:\/\/www.facebook.com\/CondorToldos\/","http:\/\/br.pinterest.com\/toldoscondor\/","https:\/\/www.youtube.com\/channel\/UCNFWz-w4fuyU1GwrseoXb8A"]},{"@type":"Person","@id":"http:\/\/www.toldoscondor.com.br\/blog\/#\/schema\/person\/7d6de3140c14a09f32e66f905df353d9","name":"Toldos Condor","image":{"@type":"ImageObject","inLanguage":"pt-BR","@id":"http:\/\/www.toldoscondor.com.br\/blog\/#\/schema\/person\/image\/","url":"https:\/\/secure.gravatar.com\/avatar\/33fddfeb64ea029bed09860f55ecf2d9b25057d523a5db7cf04585a9aabaaa58?s=96&d=mm&r=g","contentUrl":"https:\/\/secure.gravatar.com\/avatar\/33fddfeb64ea029bed09860f55ecf2d9b25057d523a5db7cf04585a9aabaaa58?s=96&d=mm&r=g","caption":"Toldos Condor"},"description":"N\u00f3s da Toldos Condor, somos uma empresa familiar que est\u00e1 no seguimento de toldos e coberturas desde 1995, com qualidade e confian\u00e7a!","sameAs":["http:\/\/www.toldoscondor.com.br","https:\/\/x.com\/https:\/\/twitter.com\/condortoldos"],"url":"https:\/\/www.toldoscondor.com.br\/blog\/author\/viney\/"}]}},"jetpack_featured_media_url":"https:\/\/www.toldoscondor.com.br\/blog\/wp-content\/uploads\/2019\/03\/toldo-articulado-premium-031.jpg","jetpack_sharing_enabled":true,"_links":{"self":[{"href":"https:\/\/www.toldoscondor.com.br\/blog\/wp-json\/wp\/v2\/posts\/2149","targetHints":{"allow":["GET"]}}],"collection":[{"href":"https:\/\/www.toldoscondor.com.br\/blog\/wp-json\/wp\/v2\/posts"}],"about":[{"href":"https:\/\/www.toldoscondor.com.br\/blog\/wp-json\/wp\/v2\/types\/post"}],"author":[{"embeddable":true,"href":"https:\/\/www.toldoscondor.com.br\/blog\/wp-json\/wp\/v2\/users\/1"}],"replies":[{"embeddable":true,"href":"https:\/\/www.toldoscondor.com.br\/blog\/wp-json\/wp\/v2\/comments?post=2149"}],"version-history":[{"count":8,"href":"https:\/\/www.toldoscondor.com.br\/blog\/wp-json\/wp\/v2\/posts\/2149\/revisions"}],"predecessor-version":[{"id":2161,"href":"https:\/\/www.toldoscondor.com.br\/blog\/wp-json\/wp\/v2\/posts\/2149\/revisions\/2161"}],"wp:featuredmedia":[{"embeddable":true,"href":"https:\/\/www.toldoscondor.com.br\/blog\/wp-json\/wp\/v2\/media\/2152"}],"wp:attachment":[{"href":"https:\/\/www.toldoscondor.com.br\/blog\/wp-json\/wp\/v2\/media?parent=2149"}],"wp:term":[{"taxonomy":"category","embeddable":true,"href":"https:\/\/www.toldoscondor.com.br\/blog\/wp-json\/wp\/v2\/categories?post=2149"},{"taxonomy":"post_tag","embeddable":true,"href":"https:\/\/www.toldoscondor.com.br\/blog\/wp-json\/wp\/v2\/tags?post=2149"}],"curies":[{"name":"wp","href":"https:\/\/api.w.org\/{rel}","templated":true}]}}