{"id":2136,"date":"2019-03-12T18:45:42","date_gmt":"2019-03-12T18:45:42","guid":{"rendered":"http:\/\/www.toldoscondor.com.br\/blog\/?p=2136"},"modified":"2019-03-14T13:56:52","modified_gmt":"2019-03-14T13:56:52","slug":"toldo-articulado-instalado-em-moema","status":"publish","type":"post","link":"https:\/\/www.toldoscondor.com.br\/blog\/2019\/03\/12\/toldo-articulado-instalado-em-moema\/","title":{"rendered":"Toldo Articulado instalado em Moema"},"content":{"rendered":"<p>Instalado em uma \u00e1rea gourmet em <strong>Moema<\/strong> &#8211; <strong>S\u00e3o Paulo<\/strong>, nosso <strong>Toldo Articulado <\/strong>se destaca por sua<strong> lona de algod\u00e3o<\/strong> na cor vinho, al\u00e9m de ser 100% imperme\u00e1vel ela tem uma caracter\u00edstica \u00fanica em seu tecido fazendo com que ela retenha calor, e como resultado disso temos um ambiente muito mais agrad\u00e1vel para o conv\u00edvio social, seja em uma festa ou almo\u00e7o com amigos.<\/p>\n<p>Vale lembra que todas as nossas <strong>lonas<\/strong> recebem tratamento anti-chamas e anti-fungos incluindo a de algod\u00e3o.<\/p>\n<p>Confira algumas fotos do toldo que foi instalado em <strong>Moema &#8211; S\u00e3o Paulo<\/strong>.<\/p>\n\n\t\t<style type=\"text\/css\">\n\t\t\t#gallery-1 {\n\t\t\t\tmargin: auto;\n\t\t\t}\n\t\t\t#gallery-1 .gallery-item {\n\t\t\t\tfloat: left;\n\t\t\t\tmargin-top: 10px;\n\t\t\t\ttext-align: center;\n\t\t\t\twidth: 33%;\n\t\t\t}\n\t\t\t#gallery-1 img {\n\t\t\t\tborder: 2px solid #cfcfcf;\n\t\t\t}\n\t\t\t#gallery-1 .gallery-caption {\n\t\t\t\tmargin-left: 0;\n\t\t\t}\n\t\t\t\/* see gallery_shortcode() in wp-includes\/media.php *\/\n\t\t<\/style>\n\t\t<div id='gallery-1' class='gallery galleryid-2136 gallery-columns-3 gallery-size-thumbnail'><dl class='gallery-item'>\n\t\t\t<dt class='gallery-icon landscape'>\n\t\t\t\t<a href='https:\/\/www.toldoscondor.com.br\/blog\/2019\/03\/12\/toldo-articulado-instalado-em-moema\/toldo-articulado-premium-020\/'><img loading=\"lazy\" decoding=\"async\" width=\"150\" height=\"150\" src=\"https:\/\/www.toldoscondor.com.br\/blog\/wp-content\/uploads\/2019\/03\/Toldo-Articulado-Premium-020-150x150.jpg\" class=\"attachment-thumbnail size-thumbnail\" alt=\"toldo de bra\u00e7os articulados com a lona de algod\u00e3o na cor vinho instalado em moema\" \/><\/a>\n\t\t\t<\/dt><\/dl><dl class='gallery-item'>\n\t\t\t<dt class='gallery-icon landscape'>\n\t\t\t\t<a href='https:\/\/www.toldoscondor.com.br\/blog\/2019\/03\/12\/toldo-articulado-instalado-em-moema\/toldo-articulado-premium-021\/'><img loading=\"lazy\" decoding=\"async\" width=\"150\" height=\"150\" src=\"https:\/\/www.toldoscondor.com.br\/blog\/wp-content\/uploads\/2019\/03\/Toldo-Articulado-Premium-021-150x150.jpg\" class=\"attachment-thumbnail size-thumbnail\" alt=\"toldo de bra\u00e7os articulados com a lona de algod\u00e3o na cor vinho instalado em moema\" \/><\/a>\n\t\t\t<\/dt><\/dl><dl class='gallery-item'>\n\t\t\t<dt class='gallery-icon landscape'>\n\t\t\t\t<a href='https:\/\/www.toldoscondor.com.br\/blog\/2019\/03\/12\/toldo-articulado-instalado-em-moema\/toldo-articulado-premium-022\/'><img loading=\"lazy\" decoding=\"async\" width=\"150\" height=\"150\" src=\"https:\/\/www.toldoscondor.com.br\/blog\/wp-content\/uploads\/2019\/03\/Toldo-Articulado-Premium-022-150x150.jpg\" class=\"attachment-thumbnail size-thumbnail\" alt=\"toldo de bra\u00e7os articulados com a lona de algod\u00e3o na cor vinho instalado em moema\" \/><\/a>\n\t\t\t<\/dt><\/dl><br style=\"clear: both\" \/>\n\t\t<\/div>\n\n<hr \/>\n<h3 style=\"text-align: center;\">Precisa proteger sua casa do sol e a chuva?<br \/>\nTemos o toldo certo para voc\u00ea!<\/h3>\n<p style=\"text-align: center;\">Preencha o fomul\u00e1rio abaixo e logo entraremos em contato!<\/p>\n<p style=\"text-align: center;\"><div class=\"wpforms-container wpforms-container-full\" id=\"wpforms-2036\"><form id=\"wpforms-form-2036\" class=\"wpforms-validate wpforms-form\" data-formid=\"2036\" method=\"post\" enctype=\"multipart\/form-data\" action=\"\/blog\/wp-json\/wp\/v2\/posts\/2136\" data-token=\"ce9cc997f02210cedae01facfe4abbdd\" data-token-time=\"1777664779\"><noscript class=\"wpforms-error-noscript\">Ative o JavaScript no seu navegador para preencher este formul\u00e1rio.<\/noscript><div class=\"wpforms-field-container\"><div id=\"wpforms-2036-field_1-container\" class=\"wpforms-field wpforms-field-name\" data-field-id=\"1\"><label class=\"wpforms-field-label\" for=\"wpforms-2036-field_1\">Seu nome <span class=\"wpforms-required-label\">*<\/span><\/label><input type=\"text\" id=\"wpforms-2036-field_1\" class=\"wpforms-field-large wpforms-field-required\" name=\"wpforms[fields][1]\" placeholder=\"Seu nome\" required><\/div><div id=\"wpforms-2036-field_6-container\" class=\"wpforms-field wpforms-field-email\" data-field-id=\"6\"><label class=\"wpforms-field-label\" for=\"wpforms-2036-field_6\">E-mail <span class=\"wpforms-required-label\">*<\/span><\/label><input type=\"email\" id=\"wpforms-2036-field_6\" class=\"wpforms-field-large wpforms-field-required\" name=\"wpforms[fields][6]\" placeholder=\"seuemail@email.com.br\" spellcheck=\"false\" required><\/div><div id=\"wpforms-2036-field_9-container\" class=\"wpforms-field wpforms-field-text\" data-field-id=\"9\"><label class=\"wpforms-field-label\" for=\"wpforms-2036-field_9\">Telefone <span class=\"wpforms-required-label\">*<\/span><\/label><input type=\"text\" id=\"wpforms-2036-field_9\" class=\"wpforms-field-large wpforms-field-required\" name=\"wpforms[fields][9]\" placeholder=\"(00) 00000-0000\" required><\/div><div id=\"wpforms-2036-field_4-container\" class=\"wpforms-field wpforms-field-textarea\" data-field-id=\"4\"><label class=\"wpforms-field-label\" for=\"wpforms-2036-field_4\">Mensagem <span class=\"wpforms-required-label\">*<\/span><\/label><textarea id=\"wpforms-2036-field_4\" class=\"wpforms-field-small wpforms-field-required\" name=\"wpforms[fields][4]\" placeholder=\"Escreva aqui sua mensagem\" required><\/textarea><\/div><div id=\"wpforms-2036-field_8-container\" class=\"wpforms-field wpforms-field-checkbox wpforms-list-inline\" data-field-id=\"8\"><label class=\"wpforms-field-label\">Deseja receber o or\u00e7amento por WhatsApp? <span class=\"wpforms-required-label\">*<\/span><\/label><ul id=\"wpforms-2036-field_8\" class=\"wpforms-field-required\"><li class=\"choice-3 depth-1\"><input type=\"checkbox\" id=\"wpforms-2036-field_8_3\" name=\"wpforms[fields][8][]\" value=\"Sim\" required ><label class=\"wpforms-field-label-inline\" for=\"wpforms-2036-field_8_3\">Sim<\/label><\/li><li class=\"choice-4 depth-1\"><input type=\"checkbox\" id=\"wpforms-2036-field_8_4\" name=\"wpforms[fields][8][]\" value=\"N\u00e3o\" required ><label class=\"wpforms-field-label-inline\" for=\"wpforms-2036-field_8_4\">N\u00e3o<\/label><\/li><\/ul><div class=\"wpforms-field-description\">Nossos numero fixos tamb\u00e9m s\u00e3o WhatsApp!\r\n (11) 2041-0162 \/ (11) 2359-3405<\/div><\/div><\/div><!-- .wpforms-field-container --><div class=\"wpforms-field wpforms-field-hp\"><label for=\"wpforms-2036-field-hp\" class=\"wpforms-field-label\">Email<\/label><input type=\"text\" name=\"wpforms[hp]\" id=\"wpforms-2036-field-hp\" class=\"wpforms-field-medium\"><\/div><div class=\"wpforms-submit-container\" ><input type=\"hidden\" name=\"wpforms[id]\" value=\"2036\"><input type=\"hidden\" name=\"page_title\" value=\"\"><input type=\"hidden\" name=\"page_url\" value=\"https:\/\/www.toldoscondor.com.br\/blog\/wp-json\/wp\/v2\/posts\/2136\"><input type=\"hidden\" name=\"url_referer\" value=\"\"><button type=\"submit\" name=\"wpforms[submit]\" id=\"wpforms-submit-2036\" class=\"wpforms-submit\" data-alt-text=\"Enviando\" data-submit-text=\"Enviar\" aria-live=\"assertive\" value=\"wpforms-submit\">Enviar<\/button><\/div><\/form><\/div>  <!-- .wpforms-container --><\/p>\n<hr \/>\n<h3 style=\"text-align: center;\">Gostou do post?<\/h3>\n<h3 style=\"text-align: center;\">N\u00e3o esque\u00e7a de compartilhar!<\/h3>\n<p style=\"text-align: center;\">[addthis tool=&#8221;addthis_inline_share_toolbox_above&#8221;]<\/p>\n<p>&nbsp;<\/p>\n<p>Detalhes deste modelo em nosso site:<\/p>\n<p><a href=\"https:\/\/www.toldoscondor.com.br\/toldo-articulado.html\">https:\/\/www.toldoscondor.com.br\/toldo-articulado.html<\/a><\/p>\n<p>Tem as medidas? Fa\u00e7a seu or\u00e7amento agora mesmo usando um de nossos canais de atendimento que funcionam de segunda a sexta-feira das 9:00 \u00e0s 17:30.<\/p>\n<p>Atendimento por Telefone e E-mail<br \/>\n(11) 2359-3405 \/ (11) 2041-0162<br \/>\n<a href=\"mailto:atendimento@toldoscondor.com.br\">atendimento@toldoscondor.com.br<\/a><\/p>\n<p>Conhe\u00e7a nosso canal no youtube!<br \/>\n<a href=\"https:\/\/www.youtube.com\/user\/vbfurtado\/featured\">www.youtube.com\/toldoscondor<\/a><\/p>\n<p>Toldos Condor.<br \/>\n24 anos cobrindo o Brasil.<\/p>\n","protected":false},"excerpt":{"rendered":"<p>Instalado em uma \u00e1rea gourmet em Moema &#8211; S\u00e3o Paulo, nosso Toldo Articulado se destaca por sua lona de algod\u00e3o na cor vinho, al\u00e9m de ser 100% imperme\u00e1vel ela tem uma caracter\u00edstica \u00fanica em seu tecido fazendo com que ela retenha calor, e como resultado disso temos um ambiente muito [&hellip;]<\/p>\n","protected":false},"author":1,"featured_media":2137,"comment_status":"closed","ping_status":"open","sticky":false,"template":"","format":"standard","meta":{"_jetpack_memberships_contains_paid_content":false,"_joinchat":[],"footnotes":""},"categories":[2],"tags":[827,773,824,826,823,4,9,822,11,821,237,828,825],"class_list":["post-2136","post","type-post","status-publish","format-standard","has-post-thumbnail","hentry","category-toldo-articulado-nacional","tag-area-gourmet-moema","tag-lona-de-algodao","tag-moema","tag-moema-toldos","tag-moema-toldos-de-lona","tag-toldo","tag-toldo-articulado","tag-toldo-articulado-em-moema","tag-toldo-articulado-nacional","tag-toldo-articulado-nacional-em-moema","tag-toldo-em-moema","tag-toldo-unico-em-moema","tag-toldos-condor-em-moema"],"yoast_head":"<!-- This site is optimized with the Yoast SEO plugin v26.2 - https:\/\/yoast.com\/wordpress\/plugins\/seo\/ -->\n<title>Toldo Articulado instalado em Moema - Toldos Condor<\/title>\n<meta name=\"description\" content=\"Confira nosso toldo articulado nacional com lona de algod\u00e3o instalado em uma \u00e1rea gourmet no bairro de Moema em S\u00e3o paulo.\" \/>\n<meta name=\"robots\" content=\"index, follow, max-snippet:-1, max-image-preview:large, max-video-preview:-1\" \/>\n<link rel=\"canonical\" href=\"https:\/\/www.toldoscondor.com.br\/blog\/2019\/03\/12\/toldo-articulado-instalado-em-moema\/\" \/>\n<meta property=\"og:locale\" content=\"pt_BR\" \/>\n<meta property=\"og:type\" content=\"article\" \/>\n<meta property=\"og:title\" content=\"Toldo Articulado instalado em Moema - Toldos Condor\" \/>\n<meta property=\"og:description\" content=\"Confira nosso toldo articulado nacional com lona de algod\u00e3o instalado em uma \u00e1rea gourmet no bairro de Moema em S\u00e3o paulo.\" \/>\n<meta property=\"og:url\" content=\"https:\/\/www.toldoscondor.com.br\/blog\/2019\/03\/12\/toldo-articulado-instalado-em-moema\/\" \/>\n<meta property=\"og:site_name\" content=\"Toldos Condor\" \/>\n<meta property=\"article:publisher\" content=\"https:\/\/www.facebook.com\/CondorToldos\/\" \/>\n<meta property=\"article:published_time\" content=\"2019-03-12T18:45:42+00:00\" \/>\n<meta property=\"article:modified_time\" content=\"2019-03-14T13:56:52+00:00\" \/>\n<meta property=\"og:image\" content=\"https:\/\/www.toldoscondor.com.br\/blog\/wp-content\/uploads\/2019\/03\/Toldo-Articulado-Premium-022.jpg\" \/>\n\t<meta property=\"og:image:width\" content=\"720\" \/>\n\t<meta property=\"og:image:height\" content=\"540\" \/>\n\t<meta property=\"og:image:type\" content=\"image\/jpeg\" \/>\n<meta name=\"author\" content=\"Toldos Condor\" \/>\n<meta name=\"twitter:card\" content=\"summary_large_image\" \/>\n<meta name=\"twitter:creator\" content=\"@https:\/\/twitter.com\/condortoldos\" \/>\n<meta name=\"twitter:label1\" content=\"Escrito por\" \/>\n\t<meta name=\"twitter:data1\" content=\"Toldos Condor\" \/>\n\t<meta name=\"twitter:label2\" content=\"Est. tempo de leitura\" \/>\n\t<meta name=\"twitter:data2\" content=\"1 minuto\" \/>\n<script type=\"application\/ld+json\" class=\"yoast-schema-graph\">{\"@context\":\"https:\/\/schema.org\",\"@graph\":[{\"@type\":\"Article\",\"@id\":\"https:\/\/www.toldoscondor.com.br\/blog\/2019\/03\/12\/toldo-articulado-instalado-em-moema\/#article\",\"isPartOf\":{\"@id\":\"https:\/\/www.toldoscondor.com.br\/blog\/2019\/03\/12\/toldo-articulado-instalado-em-moema\/\"},\"author\":{\"name\":\"Toldos Condor\",\"@id\":\"http:\/\/www.toldoscondor.com.br\/blog\/#\/schema\/person\/7d6de3140c14a09f32e66f905df353d9\"},\"headline\":\"Toldo Articulado instalado em Moema\",\"datePublished\":\"2019-03-12T18:45:42+00:00\",\"dateModified\":\"2019-03-14T13:56:52+00:00\",\"mainEntityOfPage\":{\"@id\":\"https:\/\/www.toldoscondor.com.br\/blog\/2019\/03\/12\/toldo-articulado-instalado-em-moema\/\"},\"wordCount\":222,\"publisher\":{\"@id\":\"http:\/\/www.toldoscondor.com.br\/blog\/#organization\"},\"image\":{\"@id\":\"https:\/\/www.toldoscondor.com.br\/blog\/2019\/03\/12\/toldo-articulado-instalado-em-moema\/#primaryimage\"},\"thumbnailUrl\":\"https:\/\/www.toldoscondor.com.br\/blog\/wp-content\/uploads\/2019\/03\/Toldo-Articulado-Premium-022.jpg\",\"keywords\":[\"area gourmet moema\",\"lona de algod\u00e3o\",\"moema\",\"moema toldos\",\"moema toldos de lona\",\"toldo\",\"toldo articulado\",\"toldo articulado em moema\",\"toldo articulado nacional\",\"toldo articulado nacional em moema\",\"toldo em moema\",\"toldo \u00fanico em Moema\",\"toldos condor em moema\"],\"articleSection\":[\"Articulado Nacional\"],\"inLanguage\":\"pt-BR\"},{\"@type\":\"WebPage\",\"@id\":\"https:\/\/www.toldoscondor.com.br\/blog\/2019\/03\/12\/toldo-articulado-instalado-em-moema\/\",\"url\":\"https:\/\/www.toldoscondor.com.br\/blog\/2019\/03\/12\/toldo-articulado-instalado-em-moema\/\",\"name\":\"Toldo Articulado instalado em Moema - Toldos Condor\",\"isPartOf\":{\"@id\":\"http:\/\/www.toldoscondor.com.br\/blog\/#website\"},\"primaryImageOfPage\":{\"@id\":\"https:\/\/www.toldoscondor.com.br\/blog\/2019\/03\/12\/toldo-articulado-instalado-em-moema\/#primaryimage\"},\"image\":{\"@id\":\"https:\/\/www.toldoscondor.com.br\/blog\/2019\/03\/12\/toldo-articulado-instalado-em-moema\/#primaryimage\"},\"thumbnailUrl\":\"https:\/\/www.toldoscondor.com.br\/blog\/wp-content\/uploads\/2019\/03\/Toldo-Articulado-Premium-022.jpg\",\"datePublished\":\"2019-03-12T18:45:42+00:00\",\"dateModified\":\"2019-03-14T13:56:52+00:00\",\"description\":\"Confira nosso toldo articulado nacional com lona de algod\u00e3o instalado em uma \u00e1rea gourmet no bairro de Moema em S\u00e3o paulo.\",\"breadcrumb\":{\"@id\":\"https:\/\/www.toldoscondor.com.br\/blog\/2019\/03\/12\/toldo-articulado-instalado-em-moema\/#breadcrumb\"},\"inLanguage\":\"pt-BR\",\"potentialAction\":[{\"@type\":\"ReadAction\",\"target\":[\"https:\/\/www.toldoscondor.com.br\/blog\/2019\/03\/12\/toldo-articulado-instalado-em-moema\/\"]}]},{\"@type\":\"ImageObject\",\"inLanguage\":\"pt-BR\",\"@id\":\"https:\/\/www.toldoscondor.com.br\/blog\/2019\/03\/12\/toldo-articulado-instalado-em-moema\/#primaryimage\",\"url\":\"https:\/\/www.toldoscondor.com.br\/blog\/wp-content\/uploads\/2019\/03\/Toldo-Articulado-Premium-022.jpg\",\"contentUrl\":\"https:\/\/www.toldoscondor.com.br\/blog\/wp-content\/uploads\/2019\/03\/Toldo-Articulado-Premium-022.jpg\",\"width\":720,\"height\":540,\"caption\":\"toldo de bra\u00e7os articulados com a lona de algod\u00e3o na cor vinho instalado em moema\"},{\"@type\":\"BreadcrumbList\",\"@id\":\"https:\/\/www.toldoscondor.com.br\/blog\/2019\/03\/12\/toldo-articulado-instalado-em-moema\/#breadcrumb\",\"itemListElement\":[{\"@type\":\"ListItem\",\"position\":1,\"name\":\"In\u00edcio\",\"item\":\"http:\/\/www.toldoscondor.com.br\/blog\/\"},{\"@type\":\"ListItem\",\"position\":2,\"name\":\"Toldo Articulado instalado em Moema\"}]},{\"@type\":\"WebSite\",\"@id\":\"http:\/\/www.toldoscondor.com.br\/blog\/#website\",\"url\":\"http:\/\/www.toldoscondor.com.br\/blog\/\",\"name\":\"Toldos Condor\",\"description\":\"Neste blog voc\u00ea encontra alguns dos servi\u00e7os feitos por n\u00f3s da Toldos Condor.\",\"publisher\":{\"@id\":\"http:\/\/www.toldoscondor.com.br\/blog\/#organization\"},\"potentialAction\":[{\"@type\":\"SearchAction\",\"target\":{\"@type\":\"EntryPoint\",\"urlTemplate\":\"http:\/\/www.toldoscondor.com.br\/blog\/?s={search_term_string}\"},\"query-input\":{\"@type\":\"PropertyValueSpecification\",\"valueRequired\":true,\"valueName\":\"search_term_string\"}}],\"inLanguage\":\"pt-BR\"},{\"@type\":\"Organization\",\"@id\":\"http:\/\/www.toldoscondor.com.br\/blog\/#organization\",\"name\":\"Toldos Condor\",\"url\":\"http:\/\/www.toldoscondor.com.br\/blog\/\",\"logo\":{\"@type\":\"ImageObject\",\"inLanguage\":\"pt-BR\",\"@id\":\"http:\/\/www.toldoscondor.com.br\/blog\/#\/schema\/logo\/image\/\",\"url\":\"http:\/\/www.toldoscondor.com.br\/blog\/wp-content\/uploads\/2016\/04\/Logo.png\",\"contentUrl\":\"http:\/\/www.toldoscondor.com.br\/blog\/wp-content\/uploads\/2016\/04\/Logo.png\",\"width\":2167,\"height\":623,\"caption\":\"Toldos Condor\"},\"image\":{\"@id\":\"http:\/\/www.toldoscondor.com.br\/blog\/#\/schema\/logo\/image\/\"},\"sameAs\":[\"https:\/\/www.facebook.com\/CondorToldos\/\",\"http:\/\/br.pinterest.com\/toldoscondor\/\",\"https:\/\/www.youtube.com\/channel\/UCNFWz-w4fuyU1GwrseoXb8A\"]},{\"@type\":\"Person\",\"@id\":\"http:\/\/www.toldoscondor.com.br\/blog\/#\/schema\/person\/7d6de3140c14a09f32e66f905df353d9\",\"name\":\"Toldos Condor\",\"image\":{\"@type\":\"ImageObject\",\"inLanguage\":\"pt-BR\",\"@id\":\"http:\/\/www.toldoscondor.com.br\/blog\/#\/schema\/person\/image\/\",\"url\":\"https:\/\/secure.gravatar.com\/avatar\/33fddfeb64ea029bed09860f55ecf2d9b25057d523a5db7cf04585a9aabaaa58?s=96&d=mm&r=g\",\"contentUrl\":\"https:\/\/secure.gravatar.com\/avatar\/33fddfeb64ea029bed09860f55ecf2d9b25057d523a5db7cf04585a9aabaaa58?s=96&d=mm&r=g\",\"caption\":\"Toldos Condor\"},\"description\":\"N\u00f3s da Toldos Condor, somos uma empresa familiar que est\u00e1 no seguimento de toldos e coberturas desde 1995, com qualidade e confian\u00e7a!\",\"sameAs\":[\"http:\/\/www.toldoscondor.com.br\",\"https:\/\/x.com\/https:\/\/twitter.com\/condortoldos\"],\"url\":\"https:\/\/www.toldoscondor.com.br\/blog\/author\/viney\/\"}]}<\/script>\n<!-- \/ Yoast SEO plugin. -->","yoast_head_json":{"title":"Toldo Articulado instalado em Moema - Toldos Condor","description":"Confira nosso toldo articulado nacional com lona de algod\u00e3o instalado em uma \u00e1rea gourmet no bairro de Moema em S\u00e3o paulo.","robots":{"index":"index","follow":"follow","max-snippet":"max-snippet:-1","max-image-preview":"max-image-preview:large","max-video-preview":"max-video-preview:-1"},"canonical":"https:\/\/www.toldoscondor.com.br\/blog\/2019\/03\/12\/toldo-articulado-instalado-em-moema\/","og_locale":"pt_BR","og_type":"article","og_title":"Toldo Articulado instalado em Moema - Toldos Condor","og_description":"Confira nosso toldo articulado nacional com lona de algod\u00e3o instalado em uma \u00e1rea gourmet no bairro de Moema em S\u00e3o paulo.","og_url":"https:\/\/www.toldoscondor.com.br\/blog\/2019\/03\/12\/toldo-articulado-instalado-em-moema\/","og_site_name":"Toldos Condor","article_publisher":"https:\/\/www.facebook.com\/CondorToldos\/","article_published_time":"2019-03-12T18:45:42+00:00","article_modified_time":"2019-03-14T13:56:52+00:00","og_image":[{"width":720,"height":540,"url":"https:\/\/www.toldoscondor.com.br\/blog\/wp-content\/uploads\/2019\/03\/Toldo-Articulado-Premium-022.jpg","type":"image\/jpeg"}],"author":"Toldos Condor","twitter_card":"summary_large_image","twitter_creator":"@https:\/\/twitter.com\/condortoldos","twitter_misc":{"Escrito por":"Toldos Condor","Est. tempo de leitura":"1 minuto"},"schema":{"@context":"https:\/\/schema.org","@graph":[{"@type":"Article","@id":"https:\/\/www.toldoscondor.com.br\/blog\/2019\/03\/12\/toldo-articulado-instalado-em-moema\/#article","isPartOf":{"@id":"https:\/\/www.toldoscondor.com.br\/blog\/2019\/03\/12\/toldo-articulado-instalado-em-moema\/"},"author":{"name":"Toldos Condor","@id":"http:\/\/www.toldoscondor.com.br\/blog\/#\/schema\/person\/7d6de3140c14a09f32e66f905df353d9"},"headline":"Toldo Articulado instalado em Moema","datePublished":"2019-03-12T18:45:42+00:00","dateModified":"2019-03-14T13:56:52+00:00","mainEntityOfPage":{"@id":"https:\/\/www.toldoscondor.com.br\/blog\/2019\/03\/12\/toldo-articulado-instalado-em-moema\/"},"wordCount":222,"publisher":{"@id":"http:\/\/www.toldoscondor.com.br\/blog\/#organization"},"image":{"@id":"https:\/\/www.toldoscondor.com.br\/blog\/2019\/03\/12\/toldo-articulado-instalado-em-moema\/#primaryimage"},"thumbnailUrl":"https:\/\/www.toldoscondor.com.br\/blog\/wp-content\/uploads\/2019\/03\/Toldo-Articulado-Premium-022.jpg","keywords":["area gourmet moema","lona de algod\u00e3o","moema","moema toldos","moema toldos de lona","toldo","toldo articulado","toldo articulado em moema","toldo articulado nacional","toldo articulado nacional em moema","toldo em moema","toldo \u00fanico em Moema","toldos condor em moema"],"articleSection":["Articulado Nacional"],"inLanguage":"pt-BR"},{"@type":"WebPage","@id":"https:\/\/www.toldoscondor.com.br\/blog\/2019\/03\/12\/toldo-articulado-instalado-em-moema\/","url":"https:\/\/www.toldoscondor.com.br\/blog\/2019\/03\/12\/toldo-articulado-instalado-em-moema\/","name":"Toldo Articulado instalado em Moema - Toldos Condor","isPartOf":{"@id":"http:\/\/www.toldoscondor.com.br\/blog\/#website"},"primaryImageOfPage":{"@id":"https:\/\/www.toldoscondor.com.br\/blog\/2019\/03\/12\/toldo-articulado-instalado-em-moema\/#primaryimage"},"image":{"@id":"https:\/\/www.toldoscondor.com.br\/blog\/2019\/03\/12\/toldo-articulado-instalado-em-moema\/#primaryimage"},"thumbnailUrl":"https:\/\/www.toldoscondor.com.br\/blog\/wp-content\/uploads\/2019\/03\/Toldo-Articulado-Premium-022.jpg","datePublished":"2019-03-12T18:45:42+00:00","dateModified":"2019-03-14T13:56:52+00:00","description":"Confira nosso toldo articulado nacional com lona de algod\u00e3o instalado em uma \u00e1rea gourmet no bairro de Moema em S\u00e3o paulo.","breadcrumb":{"@id":"https:\/\/www.toldoscondor.com.br\/blog\/2019\/03\/12\/toldo-articulado-instalado-em-moema\/#breadcrumb"},"inLanguage":"pt-BR","potentialAction":[{"@type":"ReadAction","target":["https:\/\/www.toldoscondor.com.br\/blog\/2019\/03\/12\/toldo-articulado-instalado-em-moema\/"]}]},{"@type":"ImageObject","inLanguage":"pt-BR","@id":"https:\/\/www.toldoscondor.com.br\/blog\/2019\/03\/12\/toldo-articulado-instalado-em-moema\/#primaryimage","url":"https:\/\/www.toldoscondor.com.br\/blog\/wp-content\/uploads\/2019\/03\/Toldo-Articulado-Premium-022.jpg","contentUrl":"https:\/\/www.toldoscondor.com.br\/blog\/wp-content\/uploads\/2019\/03\/Toldo-Articulado-Premium-022.jpg","width":720,"height":540,"caption":"toldo de bra\u00e7os articulados com a lona de algod\u00e3o na cor vinho instalado em moema"},{"@type":"BreadcrumbList","@id":"https:\/\/www.toldoscondor.com.br\/blog\/2019\/03\/12\/toldo-articulado-instalado-em-moema\/#breadcrumb","itemListElement":[{"@type":"ListItem","position":1,"name":"In\u00edcio","item":"http:\/\/www.toldoscondor.com.br\/blog\/"},{"@type":"ListItem","position":2,"name":"Toldo Articulado instalado em Moema"}]},{"@type":"WebSite","@id":"http:\/\/www.toldoscondor.com.br\/blog\/#website","url":"http:\/\/www.toldoscondor.com.br\/blog\/","name":"Toldos Condor","description":"Neste blog voc\u00ea encontra alguns dos servi\u00e7os feitos por n\u00f3s da Toldos Condor.","publisher":{"@id":"http:\/\/www.toldoscondor.com.br\/blog\/#organization"},"potentialAction":[{"@type":"SearchAction","target":{"@type":"EntryPoint","urlTemplate":"http:\/\/www.toldoscondor.com.br\/blog\/?s={search_term_string}"},"query-input":{"@type":"PropertyValueSpecification","valueRequired":true,"valueName":"search_term_string"}}],"inLanguage":"pt-BR"},{"@type":"Organization","@id":"http:\/\/www.toldoscondor.com.br\/blog\/#organization","name":"Toldos Condor","url":"http:\/\/www.toldoscondor.com.br\/blog\/","logo":{"@type":"ImageObject","inLanguage":"pt-BR","@id":"http:\/\/www.toldoscondor.com.br\/blog\/#\/schema\/logo\/image\/","url":"http:\/\/www.toldoscondor.com.br\/blog\/wp-content\/uploads\/2016\/04\/Logo.png","contentUrl":"http:\/\/www.toldoscondor.com.br\/blog\/wp-content\/uploads\/2016\/04\/Logo.png","width":2167,"height":623,"caption":"Toldos Condor"},"image":{"@id":"http:\/\/www.toldoscondor.com.br\/blog\/#\/schema\/logo\/image\/"},"sameAs":["https:\/\/www.facebook.com\/CondorToldos\/","http:\/\/br.pinterest.com\/toldoscondor\/","https:\/\/www.youtube.com\/channel\/UCNFWz-w4fuyU1GwrseoXb8A"]},{"@type":"Person","@id":"http:\/\/www.toldoscondor.com.br\/blog\/#\/schema\/person\/7d6de3140c14a09f32e66f905df353d9","name":"Toldos Condor","image":{"@type":"ImageObject","inLanguage":"pt-BR","@id":"http:\/\/www.toldoscondor.com.br\/blog\/#\/schema\/person\/image\/","url":"https:\/\/secure.gravatar.com\/avatar\/33fddfeb64ea029bed09860f55ecf2d9b25057d523a5db7cf04585a9aabaaa58?s=96&d=mm&r=g","contentUrl":"https:\/\/secure.gravatar.com\/avatar\/33fddfeb64ea029bed09860f55ecf2d9b25057d523a5db7cf04585a9aabaaa58?s=96&d=mm&r=g","caption":"Toldos Condor"},"description":"N\u00f3s da Toldos Condor, somos uma empresa familiar que est\u00e1 no seguimento de toldos e coberturas desde 1995, com qualidade e confian\u00e7a!","sameAs":["http:\/\/www.toldoscondor.com.br","https:\/\/x.com\/https:\/\/twitter.com\/condortoldos"],"url":"https:\/\/www.toldoscondor.com.br\/blog\/author\/viney\/"}]}},"jetpack_featured_media_url":"https:\/\/www.toldoscondor.com.br\/blog\/wp-content\/uploads\/2019\/03\/Toldo-Articulado-Premium-022.jpg","jetpack_sharing_enabled":true,"_links":{"self":[{"href":"https:\/\/www.toldoscondor.com.br\/blog\/wp-json\/wp\/v2\/posts\/2136","targetHints":{"allow":["GET"]}}],"collection":[{"href":"https:\/\/www.toldoscondor.com.br\/blog\/wp-json\/wp\/v2\/posts"}],"about":[{"href":"https:\/\/www.toldoscondor.com.br\/blog\/wp-json\/wp\/v2\/types\/post"}],"author":[{"embeddable":true,"href":"https:\/\/www.toldoscondor.com.br\/blog\/wp-json\/wp\/v2\/users\/1"}],"replies":[{"embeddable":true,"href":"https:\/\/www.toldoscondor.com.br\/blog\/wp-json\/wp\/v2\/comments?post=2136"}],"version-history":[{"count":7,"href":"https:\/\/www.toldoscondor.com.br\/blog\/wp-json\/wp\/v2\/posts\/2136\/revisions"}],"predecessor-version":[{"id":2147,"href":"https:\/\/www.toldoscondor.com.br\/blog\/wp-json\/wp\/v2\/posts\/2136\/revisions\/2147"}],"wp:featuredmedia":[{"embeddable":true,"href":"https:\/\/www.toldoscondor.com.br\/blog\/wp-json\/wp\/v2\/media\/2137"}],"wp:attachment":[{"href":"https:\/\/www.toldoscondor.com.br\/blog\/wp-json\/wp\/v2\/media?parent=2136"}],"wp:term":[{"taxonomy":"category","embeddable":true,"href":"https:\/\/www.toldoscondor.com.br\/blog\/wp-json\/wp\/v2\/categories?post=2136"},{"taxonomy":"post_tag","embeddable":true,"href":"https:\/\/www.toldoscondor.com.br\/blog\/wp-json\/wp\/v2\/tags?post=2136"}],"curies":[{"name":"wp","href":"https:\/\/api.w.org\/{rel}","templated":true}]}}