{"id":1524,"date":"2017-07-21T20:36:34","date_gmt":"2017-07-21T20:36:34","guid":{"rendered":"http:\/\/www.toldoscondor.com.br\/blog\/?p=1524"},"modified":"2017-07-21T20:38:38","modified_gmt":"2017-07-21T20:38:38","slug":"santana-de-parnaiba-toldo-cortinas","status":"publish","type":"post","link":"https:\/\/www.toldoscondor.com.br\/blog\/2017\/07\/21\/santana-de-parnaiba-toldo-cortinas\/","title":{"rendered":"Santana de Parna\u00edba &#8211; Toldos Cortinas"},"content":{"rendered":"<h2 style=\"text-align: center;\">Toldos Cortinas Retr\u00e1teis<\/h2>\n<p>Nossos toldos cortinas s\u00e3o fechamentos retr\u00e1teis perfeitos para ambientes externos, sua estrutura de alum\u00ednio \u00e9 leve deixando o manuseio do toldo f\u00e1cil al\u00e9m de n\u00e3o enferrujar.<\/p>\n<p>Instalados para proteger a \u00e1rea gourmet do vento e do sol em uma residencia na cidade de Santana de Parna\u00edba, estes toldos foram a escolha perfeita para o local gra\u00e7as a sua fun\u00e7\u00e3o de se recolher, com isso n\u00e3o h\u00e1 necessidade de uma estrutura fixa em baixo ou dos lados, assim que s\u00e3o fechados deixam todo o espa\u00e7o livre para passagem.<\/p>\n<p>Confira fotos do modelo Cortina instalado em Santana de Parna\u00edba.<\/p>\n\n\t\t<style type=\"text\/css\">\n\t\t\t#gallery-1 {\n\t\t\t\tmargin: auto;\n\t\t\t}\n\t\t\t#gallery-1 .gallery-item {\n\t\t\t\tfloat: left;\n\t\t\t\tmargin-top: 10px;\n\t\t\t\ttext-align: center;\n\t\t\t\twidth: 33%;\n\t\t\t}\n\t\t\t#gallery-1 img {\n\t\t\t\tborder: 2px solid #cfcfcf;\n\t\t\t}\n\t\t\t#gallery-1 .gallery-caption {\n\t\t\t\tmargin-left: 0;\n\t\t\t}\n\t\t\t\/* see gallery_shortcode() in wp-includes\/media.php *\/\n\t\t<\/style>\n\t\t<div id='gallery-1' class='gallery galleryid-1524 gallery-columns-3 gallery-size-thumbnail'><dl class='gallery-item'>\n\t\t\t<dt class='gallery-icon landscape'>\n\t\t\t\t<a href='https:\/\/www.toldoscondor.com.br\/blog\/2017\/07\/21\/santana-de-parnaiba-toldo-cortinas\/toldo-cortina-051\/'><img loading=\"lazy\" decoding=\"async\" width=\"150\" height=\"150\" src=\"https:\/\/www.toldoscondor.com.br\/blog\/wp-content\/uploads\/2017\/07\/Toldo-Cortina-051-150x150.jpg\" class=\"attachment-thumbnail size-thumbnail\" alt=\"toldo cortina santana de parnaiba\" \/><\/a>\n\t\t\t<\/dt><\/dl><dl class='gallery-item'>\n\t\t\t<dt class='gallery-icon landscape'>\n\t\t\t\t<a href='https:\/\/www.toldoscondor.com.br\/blog\/2017\/07\/21\/santana-de-parnaiba-toldo-cortinas\/toldo-cortina-052\/'><img loading=\"lazy\" decoding=\"async\" width=\"150\" height=\"150\" src=\"https:\/\/www.toldoscondor.com.br\/blog\/wp-content\/uploads\/2017\/07\/Toldo-Cortina-052-150x150.jpg\" class=\"attachment-thumbnail size-thumbnail\" alt=\"toldo cortina santana de parnaiba\" \/><\/a>\n\t\t\t<\/dt><\/dl>\n\t\t\t<br style='clear: both' \/>\n\t\t<\/div>\n\n<p>Detalhes deste modelo em nosso site:<br \/>\n<a href=\"http:\/\/toldoscondor.com.br\/toldos-cortinas.html\">http:\/\/toldoscondor.com.br\/toldos-cortinas.html<\/a><\/p>\n<p>Tem as medidas? Fa\u00e7a seu or\u00e7amento agora mesmo usando um de nossos canais de atendimento que funcionam de Segunda a sexta das 9:00 \u00e0s 17:30.<\/p>\n<p>Atendimento por Telefone e E-mail<br \/>\n(11) 2359-3405<br \/>\n<a href=\"mailto:vendas@toldoscondor.com.br\">vendas@toldoscondor.com.br<\/a><\/p>\n<p>Ou acesse nossa p\u00e1gina de contato<br \/>\n<a href=\"http:\/\/www.toldoscondor.com.br\/contato.html\">http:\/\/www.toldoscondor.com.br\/contato.html<\/a><\/p>\n<p>Atendimento Online Toldos Condor<br \/>\n<a href=\"https:\/\/goo.gl\/5Yp7ZL\">https:\/\/goo.gl\/5Yp7ZL<\/a><\/p>\n<p>Quer saber a disponibilidade de modelos para sua cidade ? Acesse nosso mapa de regi\u00f5es atendidas!<\/p>\n<p><a href=\"http:\/\/toldoscondor.com.br\/cidades-atendidas.html\">http:\/\/toldoscondor.com.br\/cidades-atendidas.html<\/a><\/p>\n<p>Toldos Condor.<br \/>\n22 anos cobrindo o Brasil.<\/p>\n","protected":false},"excerpt":{"rendered":"<p>Toldos Cortinas Retr\u00e1teis Nossos toldos cortinas s\u00e3o fechamentos retr\u00e1teis perfeitos para ambientes externos, sua estrutura de alum\u00ednio \u00e9 leve deixando o manuseio do toldo f\u00e1cil al\u00e9m de n\u00e3o enferrujar. Instalados para proteger a \u00e1rea gourmet do vento e do sol em uma residencia na cidade de Santana de Parna\u00edba, estes [&hellip;]<\/p>\n","protected":false},"author":1,"featured_media":1527,"comment_status":"open","ping_status":"open","sticky":false,"template":"","format":"standard","meta":{"_jetpack_memberships_contains_paid_content":false,"_joinchat":[],"footnotes":""},"categories":[79],"tags":[550,4,80,553,556,551,303,3,555,81,554,552,304],"class_list":["post-1524","post","type-post","status-publish","format-standard","has-post-thumbnail","hentry","category-toldo-cortina","tag-santana-de-parnaiba","tag-toldo","tag-toldo-cortina","tag-toldo-cortina-em-santana-de-parnaiba","tag-toldo-cortina-santana-de-parnaiba","tag-toldo-em-santana-de-parnaiba","tag-toldo-santana-de-parnaiba","tag-toldos","tag-toldos-cortina-santana-de-parnaiba","tag-toldos-cortinas","tag-toldos-cortinas-em-santana-de-parnaiba","tag-toldos-em-santana-da-parnaiba","tag-toldos-santana-de-parnaiba"],"yoast_head":"<!-- This site is optimized with the Yoast SEO plugin v26.2 - https:\/\/yoast.com\/wordpress\/plugins\/seo\/ -->\n<title>Santana de Parna\u00edba - Toldos Cortinas - Toldos Condor<\/title>\n<meta name=\"description\" content=\"Toldos cortinas instalados em uma \u00e1rea gourmet para prote\u00e7\u00e3o contra o vento e o sol, em uma residencia na cidade de Santana de Parna\u00edba.\" \/>\n<meta name=\"robots\" content=\"index, follow, max-snippet:-1, max-image-preview:large, max-video-preview:-1\" \/>\n<link rel=\"canonical\" href=\"https:\/\/www.toldoscondor.com.br\/blog\/2017\/07\/21\/santana-de-parnaiba-toldo-cortinas\/\" \/>\n<meta property=\"og:locale\" content=\"pt_BR\" \/>\n<meta property=\"og:type\" content=\"article\" \/>\n<meta property=\"og:title\" content=\"Santana de Parna\u00edba - Toldos Cortinas - Toldos Condor\" \/>\n<meta property=\"og:description\" content=\"Toldos cortinas instalados em uma \u00e1rea gourmet para prote\u00e7\u00e3o contra o vento e o sol, em uma residencia na cidade de Santana de Parna\u00edba.\" \/>\n<meta property=\"og:url\" content=\"https:\/\/www.toldoscondor.com.br\/blog\/2017\/07\/21\/santana-de-parnaiba-toldo-cortinas\/\" \/>\n<meta property=\"og:site_name\" content=\"Toldos Condor\" \/>\n<meta property=\"article:publisher\" content=\"https:\/\/www.facebook.com\/CondorToldos\/\" \/>\n<meta property=\"article:published_time\" content=\"2017-07-21T20:36:34+00:00\" \/>\n<meta property=\"article:modified_time\" content=\"2017-07-21T20:38:38+00:00\" \/>\n<meta property=\"og:image\" content=\"https:\/\/www.toldoscondor.com.br\/blog\/wp-content\/uploads\/2017\/07\/Toldo-Cortina-052.jpg\" \/>\n\t<meta property=\"og:image:width\" content=\"4160\" \/>\n\t<meta property=\"og:image:height\" content=\"2340\" \/>\n\t<meta property=\"og:image:type\" content=\"image\/jpeg\" \/>\n<meta name=\"author\" content=\"Toldos Condor\" \/>\n<meta name=\"twitter:card\" content=\"summary_large_image\" \/>\n<meta name=\"twitter:creator\" content=\"@https:\/\/twitter.com\/condortoldos\" \/>\n<meta name=\"twitter:label1\" content=\"Escrito por\" \/>\n\t<meta name=\"twitter:data1\" content=\"Toldos Condor\" \/>\n\t<meta name=\"twitter:label2\" content=\"Est. tempo de leitura\" \/>\n\t<meta name=\"twitter:data2\" content=\"1 minuto\" \/>\n<script type=\"application\/ld+json\" class=\"yoast-schema-graph\">{\"@context\":\"https:\/\/schema.org\",\"@graph\":[{\"@type\":\"Article\",\"@id\":\"https:\/\/www.toldoscondor.com.br\/blog\/2017\/07\/21\/santana-de-parnaiba-toldo-cortinas\/#article\",\"isPartOf\":{\"@id\":\"https:\/\/www.toldoscondor.com.br\/blog\/2017\/07\/21\/santana-de-parnaiba-toldo-cortinas\/\"},\"author\":{\"name\":\"Toldos Condor\",\"@id\":\"http:\/\/www.toldoscondor.com.br\/blog\/#\/schema\/person\/7d6de3140c14a09f32e66f905df353d9\"},\"headline\":\"Santana de Parna\u00edba &#8211; Toldos Cortinas\",\"datePublished\":\"2017-07-21T20:36:34+00:00\",\"dateModified\":\"2017-07-21T20:38:38+00:00\",\"mainEntityOfPage\":{\"@id\":\"https:\/\/www.toldoscondor.com.br\/blog\/2017\/07\/21\/santana-de-parnaiba-toldo-cortinas\/\"},\"wordCount\":220,\"commentCount\":2,\"publisher\":{\"@id\":\"http:\/\/www.toldoscondor.com.br\/blog\/#organization\"},\"image\":{\"@id\":\"https:\/\/www.toldoscondor.com.br\/blog\/2017\/07\/21\/santana-de-parnaiba-toldo-cortinas\/#primaryimage\"},\"thumbnailUrl\":\"https:\/\/www.toldoscondor.com.br\/blog\/wp-content\/uploads\/2017\/07\/Toldo-Cortina-052.jpg\",\"keywords\":[\"santana de parnaiba\",\"toldo\",\"toldo cortina\",\"toldo cortina em santana de parnaiba\",\"toldo cortina santana de parnaiba\",\"toldo em santana de parnaiba\",\"toldo santana de parnaiba\",\"toldos\",\"toldos cortina santana de parnaiba\",\"toldos cortinas\",\"toldos cortinas em santana de parnaiba\",\"toldos em santana da parnaiba\",\"toldos santana de parnaiba\"],\"articleSection\":[\"Toldo Cortina\"],\"inLanguage\":\"pt-BR\",\"potentialAction\":[{\"@type\":\"CommentAction\",\"name\":\"Comment\",\"target\":[\"https:\/\/www.toldoscondor.com.br\/blog\/2017\/07\/21\/santana-de-parnaiba-toldo-cortinas\/#respond\"]}]},{\"@type\":\"WebPage\",\"@id\":\"https:\/\/www.toldoscondor.com.br\/blog\/2017\/07\/21\/santana-de-parnaiba-toldo-cortinas\/\",\"url\":\"https:\/\/www.toldoscondor.com.br\/blog\/2017\/07\/21\/santana-de-parnaiba-toldo-cortinas\/\",\"name\":\"Santana de Parna\u00edba - Toldos Cortinas - Toldos Condor\",\"isPartOf\":{\"@id\":\"http:\/\/www.toldoscondor.com.br\/blog\/#website\"},\"primaryImageOfPage\":{\"@id\":\"https:\/\/www.toldoscondor.com.br\/blog\/2017\/07\/21\/santana-de-parnaiba-toldo-cortinas\/#primaryimage\"},\"image\":{\"@id\":\"https:\/\/www.toldoscondor.com.br\/blog\/2017\/07\/21\/santana-de-parnaiba-toldo-cortinas\/#primaryimage\"},\"thumbnailUrl\":\"https:\/\/www.toldoscondor.com.br\/blog\/wp-content\/uploads\/2017\/07\/Toldo-Cortina-052.jpg\",\"datePublished\":\"2017-07-21T20:36:34+00:00\",\"dateModified\":\"2017-07-21T20:38:38+00:00\",\"description\":\"Toldos cortinas instalados em uma \u00e1rea gourmet para prote\u00e7\u00e3o contra o vento e o sol, em uma residencia na cidade de Santana de Parna\u00edba.\",\"breadcrumb\":{\"@id\":\"https:\/\/www.toldoscondor.com.br\/blog\/2017\/07\/21\/santana-de-parnaiba-toldo-cortinas\/#breadcrumb\"},\"inLanguage\":\"pt-BR\",\"potentialAction\":[{\"@type\":\"ReadAction\",\"target\":[\"https:\/\/www.toldoscondor.com.br\/blog\/2017\/07\/21\/santana-de-parnaiba-toldo-cortinas\/\"]}]},{\"@type\":\"ImageObject\",\"inLanguage\":\"pt-BR\",\"@id\":\"https:\/\/www.toldoscondor.com.br\/blog\/2017\/07\/21\/santana-de-parnaiba-toldo-cortinas\/#primaryimage\",\"url\":\"https:\/\/www.toldoscondor.com.br\/blog\/wp-content\/uploads\/2017\/07\/Toldo-Cortina-052.jpg\",\"contentUrl\":\"https:\/\/www.toldoscondor.com.br\/blog\/wp-content\/uploads\/2017\/07\/Toldo-Cortina-052.jpg\",\"width\":4160,\"height\":2340,\"caption\":\"toldo cortina santana de parnaiba\"},{\"@type\":\"BreadcrumbList\",\"@id\":\"https:\/\/www.toldoscondor.com.br\/blog\/2017\/07\/21\/santana-de-parnaiba-toldo-cortinas\/#breadcrumb\",\"itemListElement\":[{\"@type\":\"ListItem\",\"position\":1,\"name\":\"In\u00edcio\",\"item\":\"http:\/\/www.toldoscondor.com.br\/blog\/\"},{\"@type\":\"ListItem\",\"position\":2,\"name\":\"Santana de Parna\u00edba &#8211; Toldos Cortinas\"}]},{\"@type\":\"WebSite\",\"@id\":\"http:\/\/www.toldoscondor.com.br\/blog\/#website\",\"url\":\"http:\/\/www.toldoscondor.com.br\/blog\/\",\"name\":\"Toldos Condor\",\"description\":\"Neste blog voc\u00ea encontra alguns dos servi\u00e7os feitos por n\u00f3s da Toldos Condor.\",\"publisher\":{\"@id\":\"http:\/\/www.toldoscondor.com.br\/blog\/#organization\"},\"potentialAction\":[{\"@type\":\"SearchAction\",\"target\":{\"@type\":\"EntryPoint\",\"urlTemplate\":\"http:\/\/www.toldoscondor.com.br\/blog\/?s={search_term_string}\"},\"query-input\":{\"@type\":\"PropertyValueSpecification\",\"valueRequired\":true,\"valueName\":\"search_term_string\"}}],\"inLanguage\":\"pt-BR\"},{\"@type\":\"Organization\",\"@id\":\"http:\/\/www.toldoscondor.com.br\/blog\/#organization\",\"name\":\"Toldos Condor\",\"url\":\"http:\/\/www.toldoscondor.com.br\/blog\/\",\"logo\":{\"@type\":\"ImageObject\",\"inLanguage\":\"pt-BR\",\"@id\":\"http:\/\/www.toldoscondor.com.br\/blog\/#\/schema\/logo\/image\/\",\"url\":\"http:\/\/www.toldoscondor.com.br\/blog\/wp-content\/uploads\/2016\/04\/Logo.png\",\"contentUrl\":\"http:\/\/www.toldoscondor.com.br\/blog\/wp-content\/uploads\/2016\/04\/Logo.png\",\"width\":2167,\"height\":623,\"caption\":\"Toldos Condor\"},\"image\":{\"@id\":\"http:\/\/www.toldoscondor.com.br\/blog\/#\/schema\/logo\/image\/\"},\"sameAs\":[\"https:\/\/www.facebook.com\/CondorToldos\/\",\"http:\/\/br.pinterest.com\/toldoscondor\/\",\"https:\/\/www.youtube.com\/channel\/UCNFWz-w4fuyU1GwrseoXb8A\"]},{\"@type\":\"Person\",\"@id\":\"http:\/\/www.toldoscondor.com.br\/blog\/#\/schema\/person\/7d6de3140c14a09f32e66f905df353d9\",\"name\":\"Toldos Condor\",\"image\":{\"@type\":\"ImageObject\",\"inLanguage\":\"pt-BR\",\"@id\":\"http:\/\/www.toldoscondor.com.br\/blog\/#\/schema\/person\/image\/\",\"url\":\"https:\/\/secure.gravatar.com\/avatar\/33fddfeb64ea029bed09860f55ecf2d9b25057d523a5db7cf04585a9aabaaa58?s=96&d=mm&r=g\",\"contentUrl\":\"https:\/\/secure.gravatar.com\/avatar\/33fddfeb64ea029bed09860f55ecf2d9b25057d523a5db7cf04585a9aabaaa58?s=96&d=mm&r=g\",\"caption\":\"Toldos Condor\"},\"description\":\"N\u00f3s da Toldos Condor, somos uma empresa familiar que est\u00e1 no seguimento de toldos e coberturas desde 1995, com qualidade e confian\u00e7a!\",\"sameAs\":[\"http:\/\/www.toldoscondor.com.br\",\"https:\/\/x.com\/https:\/\/twitter.com\/condortoldos\"],\"url\":\"https:\/\/www.toldoscondor.com.br\/blog\/author\/viney\/\"}]}<\/script>\n<!-- \/ Yoast SEO plugin. -->","yoast_head_json":{"title":"Santana de Parna\u00edba - Toldos Cortinas - Toldos Condor","description":"Toldos cortinas instalados em uma \u00e1rea gourmet para prote\u00e7\u00e3o contra o vento e o sol, em uma residencia na cidade de Santana de Parna\u00edba.","robots":{"index":"index","follow":"follow","max-snippet":"max-snippet:-1","max-image-preview":"max-image-preview:large","max-video-preview":"max-video-preview:-1"},"canonical":"https:\/\/www.toldoscondor.com.br\/blog\/2017\/07\/21\/santana-de-parnaiba-toldo-cortinas\/","og_locale":"pt_BR","og_type":"article","og_title":"Santana de Parna\u00edba - Toldos Cortinas - Toldos Condor","og_description":"Toldos cortinas instalados em uma \u00e1rea gourmet para prote\u00e7\u00e3o contra o vento e o sol, em uma residencia na cidade de Santana de Parna\u00edba.","og_url":"https:\/\/www.toldoscondor.com.br\/blog\/2017\/07\/21\/santana-de-parnaiba-toldo-cortinas\/","og_site_name":"Toldos Condor","article_publisher":"https:\/\/www.facebook.com\/CondorToldos\/","article_published_time":"2017-07-21T20:36:34+00:00","article_modified_time":"2017-07-21T20:38:38+00:00","og_image":[{"width":4160,"height":2340,"url":"https:\/\/www.toldoscondor.com.br\/blog\/wp-content\/uploads\/2017\/07\/Toldo-Cortina-052.jpg","type":"image\/jpeg"}],"author":"Toldos Condor","twitter_card":"summary_large_image","twitter_creator":"@https:\/\/twitter.com\/condortoldos","twitter_misc":{"Escrito por":"Toldos Condor","Est. tempo de leitura":"1 minuto"},"schema":{"@context":"https:\/\/schema.org","@graph":[{"@type":"Article","@id":"https:\/\/www.toldoscondor.com.br\/blog\/2017\/07\/21\/santana-de-parnaiba-toldo-cortinas\/#article","isPartOf":{"@id":"https:\/\/www.toldoscondor.com.br\/blog\/2017\/07\/21\/santana-de-parnaiba-toldo-cortinas\/"},"author":{"name":"Toldos Condor","@id":"http:\/\/www.toldoscondor.com.br\/blog\/#\/schema\/person\/7d6de3140c14a09f32e66f905df353d9"},"headline":"Santana de Parna\u00edba &#8211; Toldos Cortinas","datePublished":"2017-07-21T20:36:34+00:00","dateModified":"2017-07-21T20:38:38+00:00","mainEntityOfPage":{"@id":"https:\/\/www.toldoscondor.com.br\/blog\/2017\/07\/21\/santana-de-parnaiba-toldo-cortinas\/"},"wordCount":220,"commentCount":2,"publisher":{"@id":"http:\/\/www.toldoscondor.com.br\/blog\/#organization"},"image":{"@id":"https:\/\/www.toldoscondor.com.br\/blog\/2017\/07\/21\/santana-de-parnaiba-toldo-cortinas\/#primaryimage"},"thumbnailUrl":"https:\/\/www.toldoscondor.com.br\/blog\/wp-content\/uploads\/2017\/07\/Toldo-Cortina-052.jpg","keywords":["santana de parnaiba","toldo","toldo cortina","toldo cortina em santana de parnaiba","toldo cortina santana de parnaiba","toldo em santana de parnaiba","toldo santana de parnaiba","toldos","toldos cortina santana de parnaiba","toldos cortinas","toldos cortinas em santana de parnaiba","toldos em santana da parnaiba","toldos santana de parnaiba"],"articleSection":["Toldo Cortina"],"inLanguage":"pt-BR","potentialAction":[{"@type":"CommentAction","name":"Comment","target":["https:\/\/www.toldoscondor.com.br\/blog\/2017\/07\/21\/santana-de-parnaiba-toldo-cortinas\/#respond"]}]},{"@type":"WebPage","@id":"https:\/\/www.toldoscondor.com.br\/blog\/2017\/07\/21\/santana-de-parnaiba-toldo-cortinas\/","url":"https:\/\/www.toldoscondor.com.br\/blog\/2017\/07\/21\/santana-de-parnaiba-toldo-cortinas\/","name":"Santana de Parna\u00edba - Toldos Cortinas - Toldos Condor","isPartOf":{"@id":"http:\/\/www.toldoscondor.com.br\/blog\/#website"},"primaryImageOfPage":{"@id":"https:\/\/www.toldoscondor.com.br\/blog\/2017\/07\/21\/santana-de-parnaiba-toldo-cortinas\/#primaryimage"},"image":{"@id":"https:\/\/www.toldoscondor.com.br\/blog\/2017\/07\/21\/santana-de-parnaiba-toldo-cortinas\/#primaryimage"},"thumbnailUrl":"https:\/\/www.toldoscondor.com.br\/blog\/wp-content\/uploads\/2017\/07\/Toldo-Cortina-052.jpg","datePublished":"2017-07-21T20:36:34+00:00","dateModified":"2017-07-21T20:38:38+00:00","description":"Toldos cortinas instalados em uma \u00e1rea gourmet para prote\u00e7\u00e3o contra o vento e o sol, em uma residencia na cidade de Santana de Parna\u00edba.","breadcrumb":{"@id":"https:\/\/www.toldoscondor.com.br\/blog\/2017\/07\/21\/santana-de-parnaiba-toldo-cortinas\/#breadcrumb"},"inLanguage":"pt-BR","potentialAction":[{"@type":"ReadAction","target":["https:\/\/www.toldoscondor.com.br\/blog\/2017\/07\/21\/santana-de-parnaiba-toldo-cortinas\/"]}]},{"@type":"ImageObject","inLanguage":"pt-BR","@id":"https:\/\/www.toldoscondor.com.br\/blog\/2017\/07\/21\/santana-de-parnaiba-toldo-cortinas\/#primaryimage","url":"https:\/\/www.toldoscondor.com.br\/blog\/wp-content\/uploads\/2017\/07\/Toldo-Cortina-052.jpg","contentUrl":"https:\/\/www.toldoscondor.com.br\/blog\/wp-content\/uploads\/2017\/07\/Toldo-Cortina-052.jpg","width":4160,"height":2340,"caption":"toldo cortina santana de parnaiba"},{"@type":"BreadcrumbList","@id":"https:\/\/www.toldoscondor.com.br\/blog\/2017\/07\/21\/santana-de-parnaiba-toldo-cortinas\/#breadcrumb","itemListElement":[{"@type":"ListItem","position":1,"name":"In\u00edcio","item":"http:\/\/www.toldoscondor.com.br\/blog\/"},{"@type":"ListItem","position":2,"name":"Santana de Parna\u00edba &#8211; Toldos Cortinas"}]},{"@type":"WebSite","@id":"http:\/\/www.toldoscondor.com.br\/blog\/#website","url":"http:\/\/www.toldoscondor.com.br\/blog\/","name":"Toldos Condor","description":"Neste blog voc\u00ea encontra alguns dos servi\u00e7os feitos por n\u00f3s da Toldos Condor.","publisher":{"@id":"http:\/\/www.toldoscondor.com.br\/blog\/#organization"},"potentialAction":[{"@type":"SearchAction","target":{"@type":"EntryPoint","urlTemplate":"http:\/\/www.toldoscondor.com.br\/blog\/?s={search_term_string}"},"query-input":{"@type":"PropertyValueSpecification","valueRequired":true,"valueName":"search_term_string"}}],"inLanguage":"pt-BR"},{"@type":"Organization","@id":"http:\/\/www.toldoscondor.com.br\/blog\/#organization","name":"Toldos Condor","url":"http:\/\/www.toldoscondor.com.br\/blog\/","logo":{"@type":"ImageObject","inLanguage":"pt-BR","@id":"http:\/\/www.toldoscondor.com.br\/blog\/#\/schema\/logo\/image\/","url":"http:\/\/www.toldoscondor.com.br\/blog\/wp-content\/uploads\/2016\/04\/Logo.png","contentUrl":"http:\/\/www.toldoscondor.com.br\/blog\/wp-content\/uploads\/2016\/04\/Logo.png","width":2167,"height":623,"caption":"Toldos Condor"},"image":{"@id":"http:\/\/www.toldoscondor.com.br\/blog\/#\/schema\/logo\/image\/"},"sameAs":["https:\/\/www.facebook.com\/CondorToldos\/","http:\/\/br.pinterest.com\/toldoscondor\/","https:\/\/www.youtube.com\/channel\/UCNFWz-w4fuyU1GwrseoXb8A"]},{"@type":"Person","@id":"http:\/\/www.toldoscondor.com.br\/blog\/#\/schema\/person\/7d6de3140c14a09f32e66f905df353d9","name":"Toldos Condor","image":{"@type":"ImageObject","inLanguage":"pt-BR","@id":"http:\/\/www.toldoscondor.com.br\/blog\/#\/schema\/person\/image\/","url":"https:\/\/secure.gravatar.com\/avatar\/33fddfeb64ea029bed09860f55ecf2d9b25057d523a5db7cf04585a9aabaaa58?s=96&d=mm&r=g","contentUrl":"https:\/\/secure.gravatar.com\/avatar\/33fddfeb64ea029bed09860f55ecf2d9b25057d523a5db7cf04585a9aabaaa58?s=96&d=mm&r=g","caption":"Toldos Condor"},"description":"N\u00f3s da Toldos Condor, somos uma empresa familiar que est\u00e1 no seguimento de toldos e coberturas desde 1995, com qualidade e confian\u00e7a!","sameAs":["http:\/\/www.toldoscondor.com.br","https:\/\/x.com\/https:\/\/twitter.com\/condortoldos"],"url":"https:\/\/www.toldoscondor.com.br\/blog\/author\/viney\/"}]}},"jetpack_featured_media_url":"https:\/\/www.toldoscondor.com.br\/blog\/wp-content\/uploads\/2017\/07\/Toldo-Cortina-052.jpg","jetpack_sharing_enabled":true,"_links":{"self":[{"href":"https:\/\/www.toldoscondor.com.br\/blog\/wp-json\/wp\/v2\/posts\/1524","targetHints":{"allow":["GET"]}}],"collection":[{"href":"https:\/\/www.toldoscondor.com.br\/blog\/wp-json\/wp\/v2\/posts"}],"about":[{"href":"https:\/\/www.toldoscondor.com.br\/blog\/wp-json\/wp\/v2\/types\/post"}],"author":[{"embeddable":true,"href":"https:\/\/www.toldoscondor.com.br\/blog\/wp-json\/wp\/v2\/users\/1"}],"replies":[{"embeddable":true,"href":"https:\/\/www.toldoscondor.com.br\/blog\/wp-json\/wp\/v2\/comments?post=1524"}],"version-history":[{"count":3,"href":"https:\/\/www.toldoscondor.com.br\/blog\/wp-json\/wp\/v2\/posts\/1524\/revisions"}],"predecessor-version":[{"id":1532,"href":"https:\/\/www.toldoscondor.com.br\/blog\/wp-json\/wp\/v2\/posts\/1524\/revisions\/1532"}],"wp:featuredmedia":[{"embeddable":true,"href":"https:\/\/www.toldoscondor.com.br\/blog\/wp-json\/wp\/v2\/media\/1527"}],"wp:attachment":[{"href":"https:\/\/www.toldoscondor.com.br\/blog\/wp-json\/wp\/v2\/media?parent=1524"}],"wp:term":[{"taxonomy":"category","embeddable":true,"href":"https:\/\/www.toldoscondor.com.br\/blog\/wp-json\/wp\/v2\/categories?post=1524"},{"taxonomy":"post_tag","embeddable":true,"href":"https:\/\/www.toldoscondor.com.br\/blog\/wp-json\/wp\/v2\/tags?post=1524"}],"curies":[{"name":"wp","href":"https:\/\/api.w.org\/{rel}","templated":true}]}}