{"id":1455,"date":"2017-06-21T20:54:19","date_gmt":"2017-06-21T20:54:19","guid":{"rendered":"http:\/\/www.toldoscondor.com.br\/blog\/?p=1455"},"modified":"2017-06-21T20:54:19","modified_gmt":"2017-06-21T20:54:19","slug":"toldos-no-bras","status":"publish","type":"post","link":"https:\/\/www.toldoscondor.com.br\/blog\/2017\/06\/21\/toldos-no-bras\/","title":{"rendered":"Toldos no Br\u00e1s"},"content":{"rendered":"<h2>Toldos Retrateis instalados no Br\u00e1s<\/h2>\n<p>Entra muito sol na frente da sua loja? Nosso toldo retr\u00e1til \u00e9 o modelo perfeito para te proteger!<br \/>\nAssim como essa loja no bairro do Br\u00e1s em S\u00e3o Paulo sofria com a grande incid\u00eancia de sol em suas vitrines, voc\u00ea tamb\u00e9m pode estar passando por isso, seja por o excesso de luz ou o desconforto causado pelo calor do sol, para acabar com isso temos o modelo de toldo perfeito para sua loja, casa ou estabelecimento, com o melhor custo x beneficio, vamos falar um pouco sobre nosso toldo retr\u00e1til.<\/p>\n<h3>Estrutura<\/h3>\n<p>Sua estrutura, ela \u00e9 feita em alum\u00ednio com pintura eletrost\u00e1tica dispon\u00edvel em branco ou preto, \u00a0\u00e9 extremamente leve e torna o toldo muito f\u00e1cil de abrir e fechar no dia-a-dia, com 2 bra\u00e7os em suas laterais que s\u00e3o acionados por meio de uma manivela remov\u00edvel voc\u00ea pode controlar a proje\u00e7\u00e3o do toldo tendo sempre a melhor prote\u00e7\u00e3o em todos os momentos do dia, fa\u00e7a chuva ou fa\u00e7a sol!<\/p>\n<h3>Lona<\/h3>\n<p>Para este modelo disponibilizamos 2 tipos de lonas, em PVC ou Acrylic.<\/p>\n<p>Vamos come\u00e7ar com a lona de PVC, a\u00a0mais comum em diversos modelos de toldos a lona de PVC \u00e9 indicada para todos os nossos servi\u00e7os, isso por que \u00e9 a melhor do mercado nacional, ela \u00e9 imperme\u00e1vel tem prote\u00e7\u00e3o UV e n\u00e3o propaga chamas, sua superf\u00edcie \u00e9 brilhante e muito f\u00e1cil de limpar basta ter detergente neutro (outros tipos de detergente podem tirar parte de sua prote\u00e7\u00e3o) e uma vassoura.<\/p>\n<p>J\u00e1 nossa lona Acrylic \u00e9 importada da Espanha e indicamos ela para lugares com alta incid\u00eancia solar, isso por que ela retem calor tornando o ambiente em baixo do toldo mais confort\u00e1vel e fresco, al\u00e9m dessa caracter\u00edstica \u00fanica ela tamb\u00e9m possui prote\u00e7\u00e3o UV \u00e9 imperme\u00e1vel e n\u00e3o propaga chamas, j\u00e1 sua superf\u00edcie \u00e9 porosa oque requer algumas lavagens a mais do que a lona em PVC.<\/p>\n<p>&nbsp;<\/p>\n<h3>Confira fotos do Toldo Retr\u00e1til com lona de PVC instalado no Br\u00e1s.<\/h3>\n\n\t\t<style type=\"text\/css\">\n\t\t\t#gallery-1 {\n\t\t\t\tmargin: auto;\n\t\t\t}\n\t\t\t#gallery-1 .gallery-item {\n\t\t\t\tfloat: left;\n\t\t\t\tmargin-top: 10px;\n\t\t\t\ttext-align: center;\n\t\t\t\twidth: 33%;\n\t\t\t}\n\t\t\t#gallery-1 img {\n\t\t\t\tborder: 2px solid #cfcfcf;\n\t\t\t}\n\t\t\t#gallery-1 .gallery-caption {\n\t\t\t\tmargin-left: 0;\n\t\t\t}\n\t\t\t\/* see gallery_shortcode() in wp-includes\/media.php *\/\n\t\t<\/style>\n\t\t<div id='gallery-1' class='gallery galleryid-1455 gallery-columns-3 gallery-size-thumbnail'><dl class='gallery-item'>\n\t\t\t<dt class='gallery-icon landscape'>\n\t\t\t\t<a href='https:\/\/www.toldoscondor.com.br\/blog\/2017\/06\/21\/toldos-no-bras\/toldo-retratil-033\/'><img loading=\"lazy\" decoding=\"async\" width=\"150\" height=\"150\" src=\"https:\/\/www.toldoscondor.com.br\/blog\/wp-content\/uploads\/2017\/06\/Toldo-Retratil-033-150x150.jpg\" class=\"attachment-thumbnail size-thumbnail\" alt=\"toldos retr\u00e1teis br\u00e1s 33\" \/><\/a>\n\t\t\t<\/dt><\/dl><dl class='gallery-item'>\n\t\t\t<dt class='gallery-icon landscape'>\n\t\t\t\t<a href='https:\/\/www.toldoscondor.com.br\/blog\/2017\/06\/21\/toldos-no-bras\/toldo-retratil-032\/'><img loading=\"lazy\" decoding=\"async\" width=\"150\" height=\"150\" src=\"https:\/\/www.toldoscondor.com.br\/blog\/wp-content\/uploads\/2017\/06\/Toldo-Retratil-032-150x150.jpg\" class=\"attachment-thumbnail size-thumbnail\" alt=\"toldos retr\u00e1teis br\u00e1s 32\" \/><\/a>\n\t\t\t<\/dt><\/dl>\n\t\t\t<br style='clear: both' \/>\n\t\t<\/div>\n\n<p>&nbsp;<\/p>\n<p>Detalhes deste modelo em nosso site:<br \/>\n<span style=\"color: #3366ff;\"><a href=\"http:\/\/www.toldoscondor.com.br\/toldos-retrateis.html\">http:\/\/www.toldoscondor.com.br\/toldos-retrateis.html<\/a><\/span><\/p>\n<p>Tem as medidas? Fa\u00e7a seu or\u00e7amento agora mesmo usando um de nossos canais de atendimento que funcionam de Segunda a sexta das 9:00 \u00e0s 17:30.<\/p>\n<p>Atendimento por Telefone e E-mail<br \/>\n(11) 2359-3405<br \/>\n<span style=\"color: #3366ff;\"><a href=\"mailto:vendas@toldoscondor.com.br\">vendas@toldoscondor.com.br<\/a><\/span><\/p>\n<p>Ou acesse nossa p\u00e1gina de contato<br \/>\n<span style=\"color: #3366ff;\"><a href=\"http:\/\/www.toldoscondor.com.br\/contato.html\">http:\/\/www.toldoscondor.com.br\/contato.html<\/a><\/span><\/p>\n<p>Atendimento Online Condor<br \/>\n<span style=\"color: #3366ff;\"><a href=\"https:\/\/goo.gl\/5Yp7ZL\">https:\/\/goo.gl\/5Yp7ZL<\/a><\/span><\/p>\n<p>Quer saber a disponibilidade de modelos para sua cidade ? Acesse nosso mapa de regi\u00f5es atendidas!<\/p>\n<p><span style=\"color: #3366ff;\"><a href=\"http:\/\/toldoscondor.com.br\/cidades-atendidas.html\">http:\/\/toldoscondor.com.br\/cidades-atendidas.html<\/a><\/span><\/p>\n","protected":false},"excerpt":{"rendered":"<p>Toldos Retrateis instalados no Br\u00e1s Entra muito sol na frente da sua loja? Nosso toldo retr\u00e1til \u00e9 o modelo perfeito para te proteger! Assim como essa loja no bairro do Br\u00e1s em S\u00e3o Paulo sofria com a grande incid\u00eancia de sol em suas vitrines, voc\u00ea tamb\u00e9m pode estar passando por [&hellip;]<\/p>\n","protected":false},"author":1,"featured_media":1456,"comment_status":"open","ping_status":"open","sticky":false,"template":"","format":"standard","meta":{"_jetpack_memberships_contains_paid_content":false,"_joinchat":[],"footnotes":""},"categories":[7],"tags":[513,521,520,523,522,4,514,516,5,518,3,515,517,6,519],"class_list":["post-1455","post","type-post","status-publish","format-standard","has-post-thumbnail","hentry","category-toldo-retratil","tag-bras","tag-bras-sao-paulo","tag-bras-sp","tag-lona-bras","tag-lona-de-toldo-no-bras","tag-toldo","tag-toldo-bras","tag-toldo-no-bras","tag-toldo-retratil","tag-toldo-retratil-bras","tag-toldos","tag-toldos-bras","tag-toldos-no-bras","tag-toldos-retrateis","tag-toldos-retrateis-bras"],"yoast_head":"<!-- This site is optimized with the Yoast SEO plugin v26.2 - https:\/\/yoast.com\/wordpress\/plugins\/seo\/ -->\n<title>Toldos no Br\u00e1s - Toldos Condor<\/title>\n<meta name=\"description\" content=\"Assim como essa loja no bairro do Br\u00e1s em S\u00e3o Paulo sofria com a grande incid\u00eancia de sol voc\u00ea tamb\u00e9m pode, seja por de luz ou o desconforto pelo calor!\" \/>\n<meta name=\"robots\" content=\"index, follow, max-snippet:-1, max-image-preview:large, max-video-preview:-1\" \/>\n<link rel=\"canonical\" href=\"https:\/\/www.toldoscondor.com.br\/blog\/2017\/06\/21\/toldos-no-bras\/\" \/>\n<meta property=\"og:locale\" content=\"pt_BR\" \/>\n<meta property=\"og:type\" content=\"article\" \/>\n<meta property=\"og:title\" content=\"Toldos no Br\u00e1s - Toldos Condor\" \/>\n<meta property=\"og:description\" content=\"Assim como essa loja no bairro do Br\u00e1s em S\u00e3o Paulo sofria com a grande incid\u00eancia de sol voc\u00ea tamb\u00e9m pode, seja por de luz ou o desconforto pelo calor!\" \/>\n<meta property=\"og:url\" content=\"https:\/\/www.toldoscondor.com.br\/blog\/2017\/06\/21\/toldos-no-bras\/\" \/>\n<meta property=\"og:site_name\" content=\"Toldos Condor\" \/>\n<meta property=\"article:publisher\" content=\"https:\/\/www.facebook.com\/CondorToldos\/\" \/>\n<meta property=\"article:published_time\" content=\"2017-06-21T20:54:19+00:00\" \/>\n<meta property=\"og:image\" content=\"https:\/\/www.toldoscondor.com.br\/blog\/wp-content\/uploads\/2017\/06\/Toldo-Retratil-033.jpg\" \/>\n\t<meta property=\"og:image:width\" content=\"1040\" \/>\n\t<meta property=\"og:image:height\" content=\"585\" \/>\n\t<meta property=\"og:image:type\" content=\"image\/jpeg\" \/>\n<meta name=\"author\" content=\"Toldos Condor\" \/>\n<meta name=\"twitter:card\" content=\"summary_large_image\" \/>\n<meta name=\"twitter:creator\" content=\"@https:\/\/twitter.com\/condortoldos\" \/>\n<meta name=\"twitter:label1\" content=\"Escrito por\" \/>\n\t<meta name=\"twitter:data1\" content=\"Toldos Condor\" \/>\n\t<meta name=\"twitter:label2\" content=\"Est. tempo de leitura\" \/>\n\t<meta name=\"twitter:data2\" content=\"2 minutos\" \/>\n<script type=\"application\/ld+json\" class=\"yoast-schema-graph\">{\"@context\":\"https:\/\/schema.org\",\"@graph\":[{\"@type\":\"Article\",\"@id\":\"https:\/\/www.toldoscondor.com.br\/blog\/2017\/06\/21\/toldos-no-bras\/#article\",\"isPartOf\":{\"@id\":\"https:\/\/www.toldoscondor.com.br\/blog\/2017\/06\/21\/toldos-no-bras\/\"},\"author\":{\"name\":\"Toldos Condor\",\"@id\":\"http:\/\/www.toldoscondor.com.br\/blog\/#\/schema\/person\/7d6de3140c14a09f32e66f905df353d9\"},\"headline\":\"Toldos no Br\u00e1s\",\"datePublished\":\"2017-06-21T20:54:19+00:00\",\"mainEntityOfPage\":{\"@id\":\"https:\/\/www.toldoscondor.com.br\/blog\/2017\/06\/21\/toldos-no-bras\/\"},\"wordCount\":451,\"commentCount\":2,\"publisher\":{\"@id\":\"http:\/\/www.toldoscondor.com.br\/blog\/#organization\"},\"image\":{\"@id\":\"https:\/\/www.toldoscondor.com.br\/blog\/2017\/06\/21\/toldos-no-bras\/#primaryimage\"},\"thumbnailUrl\":\"https:\/\/www.toldoscondor.com.br\/blog\/wp-content\/uploads\/2017\/06\/Toldo-Retratil-033.jpg\",\"keywords\":[\"br\u00e1s\",\"br\u00e1s s\u00e3o paulo\",\"br\u00e1s sp\",\"lona br\u00e1s\",\"lona de toldo no br\u00e1s\",\"toldo\",\"toldo br\u00e1s\",\"toldo no br\u00e1s\",\"toldo retr\u00e1til\",\"toldo retr\u00e1til br\u00e1s\",\"toldos\",\"toldos br\u00e1s\",\"toldos no br\u00e1s\",\"toldos retr\u00e1teis\",\"toldos retr\u00e1teis br\u00e1s\"],\"articleSection\":[\"Toldo Retr\u00e1til\"],\"inLanguage\":\"pt-BR\",\"potentialAction\":[{\"@type\":\"CommentAction\",\"name\":\"Comment\",\"target\":[\"https:\/\/www.toldoscondor.com.br\/blog\/2017\/06\/21\/toldos-no-bras\/#respond\"]}]},{\"@type\":\"WebPage\",\"@id\":\"https:\/\/www.toldoscondor.com.br\/blog\/2017\/06\/21\/toldos-no-bras\/\",\"url\":\"https:\/\/www.toldoscondor.com.br\/blog\/2017\/06\/21\/toldos-no-bras\/\",\"name\":\"Toldos no Br\u00e1s - Toldos Condor\",\"isPartOf\":{\"@id\":\"http:\/\/www.toldoscondor.com.br\/blog\/#website\"},\"primaryImageOfPage\":{\"@id\":\"https:\/\/www.toldoscondor.com.br\/blog\/2017\/06\/21\/toldos-no-bras\/#primaryimage\"},\"image\":{\"@id\":\"https:\/\/www.toldoscondor.com.br\/blog\/2017\/06\/21\/toldos-no-bras\/#primaryimage\"},\"thumbnailUrl\":\"https:\/\/www.toldoscondor.com.br\/blog\/wp-content\/uploads\/2017\/06\/Toldo-Retratil-033.jpg\",\"datePublished\":\"2017-06-21T20:54:19+00:00\",\"description\":\"Assim como essa loja no bairro do Br\u00e1s em S\u00e3o Paulo sofria com a grande incid\u00eancia de sol voc\u00ea tamb\u00e9m pode, seja por de luz ou o desconforto pelo calor!\",\"breadcrumb\":{\"@id\":\"https:\/\/www.toldoscondor.com.br\/blog\/2017\/06\/21\/toldos-no-bras\/#breadcrumb\"},\"inLanguage\":\"pt-BR\",\"potentialAction\":[{\"@type\":\"ReadAction\",\"target\":[\"https:\/\/www.toldoscondor.com.br\/blog\/2017\/06\/21\/toldos-no-bras\/\"]}]},{\"@type\":\"ImageObject\",\"inLanguage\":\"pt-BR\",\"@id\":\"https:\/\/www.toldoscondor.com.br\/blog\/2017\/06\/21\/toldos-no-bras\/#primaryimage\",\"url\":\"https:\/\/www.toldoscondor.com.br\/blog\/wp-content\/uploads\/2017\/06\/Toldo-Retratil-033.jpg\",\"contentUrl\":\"https:\/\/www.toldoscondor.com.br\/blog\/wp-content\/uploads\/2017\/06\/Toldo-Retratil-033.jpg\",\"width\":1040,\"height\":585,\"caption\":\"toldos retr\u00e1teis br\u00e1s 33\"},{\"@type\":\"BreadcrumbList\",\"@id\":\"https:\/\/www.toldoscondor.com.br\/blog\/2017\/06\/21\/toldos-no-bras\/#breadcrumb\",\"itemListElement\":[{\"@type\":\"ListItem\",\"position\":1,\"name\":\"In\u00edcio\",\"item\":\"http:\/\/www.toldoscondor.com.br\/blog\/\"},{\"@type\":\"ListItem\",\"position\":2,\"name\":\"Toldos no Br\u00e1s\"}]},{\"@type\":\"WebSite\",\"@id\":\"http:\/\/www.toldoscondor.com.br\/blog\/#website\",\"url\":\"http:\/\/www.toldoscondor.com.br\/blog\/\",\"name\":\"Toldos Condor\",\"description\":\"Neste blog voc\u00ea encontra alguns dos servi\u00e7os feitos por n\u00f3s da Toldos Condor.\",\"publisher\":{\"@id\":\"http:\/\/www.toldoscondor.com.br\/blog\/#organization\"},\"potentialAction\":[{\"@type\":\"SearchAction\",\"target\":{\"@type\":\"EntryPoint\",\"urlTemplate\":\"http:\/\/www.toldoscondor.com.br\/blog\/?s={search_term_string}\"},\"query-input\":{\"@type\":\"PropertyValueSpecification\",\"valueRequired\":true,\"valueName\":\"search_term_string\"}}],\"inLanguage\":\"pt-BR\"},{\"@type\":\"Organization\",\"@id\":\"http:\/\/www.toldoscondor.com.br\/blog\/#organization\",\"name\":\"Toldos Condor\",\"url\":\"http:\/\/www.toldoscondor.com.br\/blog\/\",\"logo\":{\"@type\":\"ImageObject\",\"inLanguage\":\"pt-BR\",\"@id\":\"http:\/\/www.toldoscondor.com.br\/blog\/#\/schema\/logo\/image\/\",\"url\":\"http:\/\/www.toldoscondor.com.br\/blog\/wp-content\/uploads\/2016\/04\/Logo.png\",\"contentUrl\":\"http:\/\/www.toldoscondor.com.br\/blog\/wp-content\/uploads\/2016\/04\/Logo.png\",\"width\":2167,\"height\":623,\"caption\":\"Toldos Condor\"},\"image\":{\"@id\":\"http:\/\/www.toldoscondor.com.br\/blog\/#\/schema\/logo\/image\/\"},\"sameAs\":[\"https:\/\/www.facebook.com\/CondorToldos\/\",\"http:\/\/br.pinterest.com\/toldoscondor\/\",\"https:\/\/www.youtube.com\/channel\/UCNFWz-w4fuyU1GwrseoXb8A\"]},{\"@type\":\"Person\",\"@id\":\"http:\/\/www.toldoscondor.com.br\/blog\/#\/schema\/person\/7d6de3140c14a09f32e66f905df353d9\",\"name\":\"Toldos Condor\",\"image\":{\"@type\":\"ImageObject\",\"inLanguage\":\"pt-BR\",\"@id\":\"http:\/\/www.toldoscondor.com.br\/blog\/#\/schema\/person\/image\/\",\"url\":\"https:\/\/secure.gravatar.com\/avatar\/33fddfeb64ea029bed09860f55ecf2d9b25057d523a5db7cf04585a9aabaaa58?s=96&d=mm&r=g\",\"contentUrl\":\"https:\/\/secure.gravatar.com\/avatar\/33fddfeb64ea029bed09860f55ecf2d9b25057d523a5db7cf04585a9aabaaa58?s=96&d=mm&r=g\",\"caption\":\"Toldos Condor\"},\"description\":\"N\u00f3s da Toldos Condor, somos uma empresa familiar que est\u00e1 no seguimento de toldos e coberturas desde 1995, com qualidade e confian\u00e7a!\",\"sameAs\":[\"http:\/\/www.toldoscondor.com.br\",\"https:\/\/x.com\/https:\/\/twitter.com\/condortoldos\"],\"url\":\"https:\/\/www.toldoscondor.com.br\/blog\/author\/viney\/\"}]}<\/script>\n<!-- \/ Yoast SEO plugin. -->","yoast_head_json":{"title":"Toldos no Br\u00e1s - Toldos Condor","description":"Assim como essa loja no bairro do Br\u00e1s em S\u00e3o Paulo sofria com a grande incid\u00eancia de sol voc\u00ea tamb\u00e9m pode, seja por de luz ou o desconforto pelo calor!","robots":{"index":"index","follow":"follow","max-snippet":"max-snippet:-1","max-image-preview":"max-image-preview:large","max-video-preview":"max-video-preview:-1"},"canonical":"https:\/\/www.toldoscondor.com.br\/blog\/2017\/06\/21\/toldos-no-bras\/","og_locale":"pt_BR","og_type":"article","og_title":"Toldos no Br\u00e1s - Toldos Condor","og_description":"Assim como essa loja no bairro do Br\u00e1s em S\u00e3o Paulo sofria com a grande incid\u00eancia de sol voc\u00ea tamb\u00e9m pode, seja por de luz ou o desconforto pelo calor!","og_url":"https:\/\/www.toldoscondor.com.br\/blog\/2017\/06\/21\/toldos-no-bras\/","og_site_name":"Toldos Condor","article_publisher":"https:\/\/www.facebook.com\/CondorToldos\/","article_published_time":"2017-06-21T20:54:19+00:00","og_image":[{"width":1040,"height":585,"url":"https:\/\/www.toldoscondor.com.br\/blog\/wp-content\/uploads\/2017\/06\/Toldo-Retratil-033.jpg","type":"image\/jpeg"}],"author":"Toldos Condor","twitter_card":"summary_large_image","twitter_creator":"@https:\/\/twitter.com\/condortoldos","twitter_misc":{"Escrito por":"Toldos Condor","Est. tempo de leitura":"2 minutos"},"schema":{"@context":"https:\/\/schema.org","@graph":[{"@type":"Article","@id":"https:\/\/www.toldoscondor.com.br\/blog\/2017\/06\/21\/toldos-no-bras\/#article","isPartOf":{"@id":"https:\/\/www.toldoscondor.com.br\/blog\/2017\/06\/21\/toldos-no-bras\/"},"author":{"name":"Toldos Condor","@id":"http:\/\/www.toldoscondor.com.br\/blog\/#\/schema\/person\/7d6de3140c14a09f32e66f905df353d9"},"headline":"Toldos no Br\u00e1s","datePublished":"2017-06-21T20:54:19+00:00","mainEntityOfPage":{"@id":"https:\/\/www.toldoscondor.com.br\/blog\/2017\/06\/21\/toldos-no-bras\/"},"wordCount":451,"commentCount":2,"publisher":{"@id":"http:\/\/www.toldoscondor.com.br\/blog\/#organization"},"image":{"@id":"https:\/\/www.toldoscondor.com.br\/blog\/2017\/06\/21\/toldos-no-bras\/#primaryimage"},"thumbnailUrl":"https:\/\/www.toldoscondor.com.br\/blog\/wp-content\/uploads\/2017\/06\/Toldo-Retratil-033.jpg","keywords":["br\u00e1s","br\u00e1s s\u00e3o paulo","br\u00e1s sp","lona br\u00e1s","lona de toldo no br\u00e1s","toldo","toldo br\u00e1s","toldo no br\u00e1s","toldo retr\u00e1til","toldo retr\u00e1til br\u00e1s","toldos","toldos br\u00e1s","toldos no br\u00e1s","toldos retr\u00e1teis","toldos retr\u00e1teis br\u00e1s"],"articleSection":["Toldo Retr\u00e1til"],"inLanguage":"pt-BR","potentialAction":[{"@type":"CommentAction","name":"Comment","target":["https:\/\/www.toldoscondor.com.br\/blog\/2017\/06\/21\/toldos-no-bras\/#respond"]}]},{"@type":"WebPage","@id":"https:\/\/www.toldoscondor.com.br\/blog\/2017\/06\/21\/toldos-no-bras\/","url":"https:\/\/www.toldoscondor.com.br\/blog\/2017\/06\/21\/toldos-no-bras\/","name":"Toldos no Br\u00e1s - Toldos Condor","isPartOf":{"@id":"http:\/\/www.toldoscondor.com.br\/blog\/#website"},"primaryImageOfPage":{"@id":"https:\/\/www.toldoscondor.com.br\/blog\/2017\/06\/21\/toldos-no-bras\/#primaryimage"},"image":{"@id":"https:\/\/www.toldoscondor.com.br\/blog\/2017\/06\/21\/toldos-no-bras\/#primaryimage"},"thumbnailUrl":"https:\/\/www.toldoscondor.com.br\/blog\/wp-content\/uploads\/2017\/06\/Toldo-Retratil-033.jpg","datePublished":"2017-06-21T20:54:19+00:00","description":"Assim como essa loja no bairro do Br\u00e1s em S\u00e3o Paulo sofria com a grande incid\u00eancia de sol voc\u00ea tamb\u00e9m pode, seja por de luz ou o desconforto pelo calor!","breadcrumb":{"@id":"https:\/\/www.toldoscondor.com.br\/blog\/2017\/06\/21\/toldos-no-bras\/#breadcrumb"},"inLanguage":"pt-BR","potentialAction":[{"@type":"ReadAction","target":["https:\/\/www.toldoscondor.com.br\/blog\/2017\/06\/21\/toldos-no-bras\/"]}]},{"@type":"ImageObject","inLanguage":"pt-BR","@id":"https:\/\/www.toldoscondor.com.br\/blog\/2017\/06\/21\/toldos-no-bras\/#primaryimage","url":"https:\/\/www.toldoscondor.com.br\/blog\/wp-content\/uploads\/2017\/06\/Toldo-Retratil-033.jpg","contentUrl":"https:\/\/www.toldoscondor.com.br\/blog\/wp-content\/uploads\/2017\/06\/Toldo-Retratil-033.jpg","width":1040,"height":585,"caption":"toldos retr\u00e1teis br\u00e1s 33"},{"@type":"BreadcrumbList","@id":"https:\/\/www.toldoscondor.com.br\/blog\/2017\/06\/21\/toldos-no-bras\/#breadcrumb","itemListElement":[{"@type":"ListItem","position":1,"name":"In\u00edcio","item":"http:\/\/www.toldoscondor.com.br\/blog\/"},{"@type":"ListItem","position":2,"name":"Toldos no Br\u00e1s"}]},{"@type":"WebSite","@id":"http:\/\/www.toldoscondor.com.br\/blog\/#website","url":"http:\/\/www.toldoscondor.com.br\/blog\/","name":"Toldos Condor","description":"Neste blog voc\u00ea encontra alguns dos servi\u00e7os feitos por n\u00f3s da Toldos Condor.","publisher":{"@id":"http:\/\/www.toldoscondor.com.br\/blog\/#organization"},"potentialAction":[{"@type":"SearchAction","target":{"@type":"EntryPoint","urlTemplate":"http:\/\/www.toldoscondor.com.br\/blog\/?s={search_term_string}"},"query-input":{"@type":"PropertyValueSpecification","valueRequired":true,"valueName":"search_term_string"}}],"inLanguage":"pt-BR"},{"@type":"Organization","@id":"http:\/\/www.toldoscondor.com.br\/blog\/#organization","name":"Toldos Condor","url":"http:\/\/www.toldoscondor.com.br\/blog\/","logo":{"@type":"ImageObject","inLanguage":"pt-BR","@id":"http:\/\/www.toldoscondor.com.br\/blog\/#\/schema\/logo\/image\/","url":"http:\/\/www.toldoscondor.com.br\/blog\/wp-content\/uploads\/2016\/04\/Logo.png","contentUrl":"http:\/\/www.toldoscondor.com.br\/blog\/wp-content\/uploads\/2016\/04\/Logo.png","width":2167,"height":623,"caption":"Toldos Condor"},"image":{"@id":"http:\/\/www.toldoscondor.com.br\/blog\/#\/schema\/logo\/image\/"},"sameAs":["https:\/\/www.facebook.com\/CondorToldos\/","http:\/\/br.pinterest.com\/toldoscondor\/","https:\/\/www.youtube.com\/channel\/UCNFWz-w4fuyU1GwrseoXb8A"]},{"@type":"Person","@id":"http:\/\/www.toldoscondor.com.br\/blog\/#\/schema\/person\/7d6de3140c14a09f32e66f905df353d9","name":"Toldos Condor","image":{"@type":"ImageObject","inLanguage":"pt-BR","@id":"http:\/\/www.toldoscondor.com.br\/blog\/#\/schema\/person\/image\/","url":"https:\/\/secure.gravatar.com\/avatar\/33fddfeb64ea029bed09860f55ecf2d9b25057d523a5db7cf04585a9aabaaa58?s=96&d=mm&r=g","contentUrl":"https:\/\/secure.gravatar.com\/avatar\/33fddfeb64ea029bed09860f55ecf2d9b25057d523a5db7cf04585a9aabaaa58?s=96&d=mm&r=g","caption":"Toldos Condor"},"description":"N\u00f3s da Toldos Condor, somos uma empresa familiar que est\u00e1 no seguimento de toldos e coberturas desde 1995, com qualidade e confian\u00e7a!","sameAs":["http:\/\/www.toldoscondor.com.br","https:\/\/x.com\/https:\/\/twitter.com\/condortoldos"],"url":"https:\/\/www.toldoscondor.com.br\/blog\/author\/viney\/"}]}},"jetpack_featured_media_url":"https:\/\/www.toldoscondor.com.br\/blog\/wp-content\/uploads\/2017\/06\/Toldo-Retratil-033.jpg","jetpack_sharing_enabled":true,"_links":{"self":[{"href":"https:\/\/www.toldoscondor.com.br\/blog\/wp-json\/wp\/v2\/posts\/1455","targetHints":{"allow":["GET"]}}],"collection":[{"href":"https:\/\/www.toldoscondor.com.br\/blog\/wp-json\/wp\/v2\/posts"}],"about":[{"href":"https:\/\/www.toldoscondor.com.br\/blog\/wp-json\/wp\/v2\/types\/post"}],"author":[{"embeddable":true,"href":"https:\/\/www.toldoscondor.com.br\/blog\/wp-json\/wp\/v2\/users\/1"}],"replies":[{"embeddable":true,"href":"https:\/\/www.toldoscondor.com.br\/blog\/wp-json\/wp\/v2\/comments?post=1455"}],"version-history":[{"count":3,"href":"https:\/\/www.toldoscondor.com.br\/blog\/wp-json\/wp\/v2\/posts\/1455\/revisions"}],"predecessor-version":[{"id":1460,"href":"https:\/\/www.toldoscondor.com.br\/blog\/wp-json\/wp\/v2\/posts\/1455\/revisions\/1460"}],"wp:featuredmedia":[{"embeddable":true,"href":"https:\/\/www.toldoscondor.com.br\/blog\/wp-json\/wp\/v2\/media\/1456"}],"wp:attachment":[{"href":"https:\/\/www.toldoscondor.com.br\/blog\/wp-json\/wp\/v2\/media?parent=1455"}],"wp:term":[{"taxonomy":"category","embeddable":true,"href":"https:\/\/www.toldoscondor.com.br\/blog\/wp-json\/wp\/v2\/categories?post=1455"},{"taxonomy":"post_tag","embeddable":true,"href":"https:\/\/www.toldoscondor.com.br\/blog\/wp-json\/wp\/v2\/tags?post=1455"}],"curies":[{"name":"wp","href":"https:\/\/api.w.org\/{rel}","templated":true}]}}